{"id":8011,"date":"2025-01-20T15:22:10","date_gmt":"2025-01-20T15:22:10","guid":{"rendered":"https:\/\/nck.krakow.pl\/kcc\/?p=8011"},"modified":"2025-03-04T11:56:42","modified_gmt":"2025-03-04T11:56:42","slug":"call-for-papers-2-interdyscyplinarna-konferencja-naukowa-zanurzenia-pytania-o-plynnosci-w-choreografii-i-tancu","status":"publish","type":"post","link":"https:\/\/nck.krakow.pl\/kcc\/blog\/call-for-papers-2-interdyscyplinarna-konferencja-naukowa-zanurzenia-pytania-o-plynnosci-w-choreografii-i-tancu\/","title":{"rendered":"CALL FOR PAPERS &#8211; 2. Interdyscyplinarna Konferencja Naukowa \u201eZanurzenia. Pytania o p\u0142ynno\u015bci w choreografii i ta\u0144cu\u201d\u00a0"},"content":{"rendered":"\n<!--more-->\n\n\n\n<h2 class=\"wp-block-heading\">CALL FOR PAPERS &#8211; 2. Interdyscyplinarna Konferencja Naukowa \u201eZanurzenia. Pytania o p\u0142ynno\u015bci w choreografii i ta\u0144cu\u201d\u00a0<\/h2>\n\n\n\n<p>Z ogromn\u0105 rado\u015bci\u0105 otwieramy CALL FOR PAPERS do 2. edycji Interdyscyplinarnej Konferencji Naukowej!<\/p>\n\n\n\n<p>2. Interdyscyplinarna Konferencja Naukowa organizowana przez Krakowskie Centrum Choreograficzne jest preludium do 5. edycji Krakowskiego Festiwalu Ta\u0144ca. Odb\u0119dzie si\u0119 11 kwietnia 2025 roku, a motywem przewodnim jest zanurzenie i p\u0142ynno\u015b\u0107.&nbsp;<\/p>\n\n\n\n<p>Zanurzenie zar\u00f3wno os\u00f3b ta\u0144cz\u0105cych, ogl\u0105daj\u0105cych, pisz\u0105cych, choreografuj\u0105cych czy organizuj\u0105cych. Zanurzenie w zmianach, p\u0142ynnych przej\u015bciach mi\u0119dzy autentyczno\u015bci\u0105, a kreacj\u0105, zmys\u0142owym pod\u0105\u017caniu za proponowanymi przez (po)ruszaj\u0105ce si\u0119 cia\u0142a artyst\u00f3w ideami, afektami, wyobra\u017ceniami.&nbsp;<\/p>\n\n\n\n<p>Interesuje nas p\u0142ynno\u015b\u0107 w rozumieniu zar\u00f3wno metaforycznym, jak i dos\u0142ownym oraz zwi\u0105zane z zanurzeniem kwestie widoczno\u015bci i osadzenia. Chcemy przygl\u0105da\u0107 si\u0119 kwestiom zwi\u0105zanym z relacjami, mobilno\u015bci\u0105 i czasowo\u015bci\u0105.&nbsp;<\/p>\n\n\n\n<p>Rozumiemy p\u0142ynno\u015b\u0107 jako swego rodzaju kontinuum ruchu, ale i zacieranie granic i przenikanie si\u0119 mi\u0119dzy sob\u0105 temat\u00f3w, os\u00f3b, problem\u00f3w, idei. Chcemy zag\u0142\u0119bi\u0107 si\u0119 w dialog dotycz\u0105cy zanurzenia jako wyczerpania, mi\u0119kko\u015bci, blisko\u015bci, uwa\u017cno\u015bci, zag\u0142\u0119bienia, o\u017cywienia. Dialog stwarzaj\u0105cy warunki do potencjalnego spotkania, w kt\u00f3rym z jednej konfiguracji (r\u00f3wnie\u017c choreograficznej) powstaj\u0105 inne, nast\u0119puje wymiana my\u015bli, odczu\u0107 i fantazji. Interesuje nas r\u00f3wnie\u017c wymiar \u015brodowiskowy tematu \u2013 szczeg\u00f3lnie w kontek\u015bcie hydrofeminizmu, kt\u00f3ry \u0142\u0105czy refleksj\u0119 nad wod\u0105 z feministycznym spojrzeniem na trosk\u0119 i odpowiedzialno\u015b\u0107. Zale\u017cy nam na podj\u0119ciu ekologicznych w\u0105tk\u00f3w zwi\u0105zanych z wod\u0105, zmianami klimatycznymi i relacj\u0105 mi\u0119dzy sztuk\u0105 a \u015brodowiskiem.<\/p>\n\n\n\n<p>P\u0142ynno\u015b\u0107 odnajdujemy te\u017c w kolektywnych sposobach pracy, a co za tym idzie konteksty proponuj\u0105ce inne ni\u017c hierarchiczny spos\u00f3b zarz\u0105dzania instytucjami kultury, dyskusjami i tworzenie przestrzeni do p\u0142ynnej wymiany zda\u0144 i wspieraj\u0105cych dyskusji.<\/p>\n\n\n\n<p>Zach\u0119camy do zg\u0142osze\u0144 osoby reprezentuj\u0105ce r\u00f3\u017cne dziedziny (nie tylko z obszaru ta\u0144ca i choreografii czy teatru) i znajduj\u0105ce si\u0119 na r\u00f3\u017cnych etapach kariery \u2013 zar\u00f3wno jeszcze studiuj\u0105ce, jak i te z wieloletnim do\u015bwiadczeniem. Niezale\u017cnie od zdyscyplinowanego, konferencyjnego trybu zale\u017cy nam na stworzeniu swobodnej przestrzeni do otwartej wymiany my\u015bli i rozmowy.&nbsp;<\/p>\n\n\n\n<p>Zapraszamy badaczy_ki do namys\u0142u nad r\u00f3\u017cnymi strategiami we wsp\u00f3\u0142czesnym performansie, ta\u0144cu, choreografii i do sformu\u0142owania swoich refleksji w 20-minutowych wyst\u0105pieniach. Chcemy przyjrze\u0107 si\u0119 temu, co sprawia, \u017ce w kontek\u015bcie ta\u0144ca ten temat wydaje si\u0119 tak wa\u017cny.<\/p>\n\n\n\n<p>Przyk\u0142adowe zagadnienia i zakresy tematyczne wyst\u0105pie\u0144:<\/p>\n\n\n\n<ul class=\"wp-block-list\">\n<li>procesy tw\u00f3rcze i strategie artystyczne\/choreograficzne w kontek\u015bcie zanurzania, p\u0142ynno\u015bci, ci\u0105g\u0142o\u015bci, wariacje na temat mi\u0119kko\u015bci, relacyjno\u015bci i mobilno\u015bci<\/li>\n\n\n\n<li>relacje w perspektywie p\u0142ynno\u015bci mi\u0119dzy wykonywaniem performansu, a jego obserwacj\u0105, czyli tym samym mi\u0119dzy artystami, a obserwuj\u0105cymi<\/li>\n\n\n\n<li>znaczenie przemian (p\u0142ynnych &#8211; lub nie-p\u0142ynnych zmian) politycznych w kontek\u015bcie widoczno\u015bci sztuki, mo\u017cliwo\u015bci zanurzania si\u0119 w ni\u0105\u00a0<\/li>\n\n\n\n<li>case study wybranych spektakli\/performans\u00f3w, kt\u00f3rych g\u0142\u00f3wnym tematem jest przep\u0142yw, fala, zanurzenie<\/li>\n\n\n\n<li>koncept p\u0142ynno\u015bci w ta\u0144cu i choreografii, na scenie i poza ni\u0105, pytanie o to jak taniec mo\u017ce odzwierciedla\u0107 ide\u0119 p\u0142ynno\u015bci i w jaki spos\u00f3b cia\u0142o artysty m\u00f3wi o elastyczno\u015bci i nieustannych zmianach<\/li>\n\n\n\n<li>zmiany kszta\u0142tuj\u0105ce wsp\u00f3\u0142czesne spo\u0142eczno\u015bci i ich dynamik\u0119 (w kontek\u015bcie sztuki, ta\u0144ca, choreografii, proces\u00f3w artystycznych i instytucji jako miejsc pracy i tworzenia.<\/li>\n\n\n\n<li>j\u0119zyki kolektywnego ujawniania potencja\u0142u i tworzenia wsp\u00f3\u0142dzielonych przestrzeni performatywnych (w i wobec instytucji kultury, w choreografii, w ta\u0144cu)<\/li>\n\n\n\n<li>hydrofeminizm, taniec a zmiany klimatyczne, woda jako metafora w choreografii oraz ekofeminizm w kontek\u015bcie instytucji kultury i troski o \u015brodowisko.<\/li>\n<\/ul>\n\n\n\n<p>Zg\u0142oszenia na Konferencj\u0119 przyjmujemy do <strong>21 lutego 2025 w\u0142\u0105cznie<\/strong>, pod adresem karolina.graca@nck.krakow.pl. W tytule maila prosimy wpisa\u0107 \u201ezg\u0142oszenie wyst\u0105pienia na konferencj\u0119\u201d, a w tre\u015bci i za\u0142\u0105cznikach zawrze\u0107:&nbsp;<\/p>\n\n\n\n<ul class=\"wp-block-list\">\n<li>w tre\u015bci: planowany tytu\u0142 wyst\u0105pienia,\u00a0<\/li>\n\n\n\n<li>w tre\u015bci: imi\u0119, nazwisko, preferowane zaimki, miasto zamieszkania, ew. afiliacj\u0119,\u00a0<\/li>\n\n\n\n<li>w za\u0142\u0105czniku: abstrakt o obj\u0119to\u015bci od 1000 do 1500 znak\u00f3w,\u00a0<\/li>\n\n\n\n<li>w za\u0142\u0105czniku: biogram zg\u0142aszaj\u0105cej si\u0119 osoby o obj\u0119to\u015bci od 500 do 1500 znak\u00f3w.\u00a0<\/li>\n<\/ul>\n\n\n\n<p>Przed wys\u0142aniem zg\u0142oszenia prosimy o zapoznanie si\u0119 z regulaminem:<\/p>\n\n\n\n<div class=\"wp-block-file\"><a id=\"wp-block-file--media-d4a4689a-51ec-4ba6-beab-59ab20f04efe\" href=\"https:\/\/nck.krakow.pl\/kcc\/wp-content\/uploads\/2025\/01\/REGULAMIN-KONFERENCJA-2025_Az.docx\"><strong>REGULAMIN KONFERENCJA 2025<\/strong><\/a><a href=\"https:\/\/nck.krakow.pl\/kcc\/wp-content\/uploads\/2025\/01\/REGULAMIN-KONFERENCJA-2025_Az.docx\" class=\"wp-block-file__button wp-element-button\" download aria-describedby=\"wp-block-file--media-d4a4689a-51ec-4ba6-beab-59ab20f04efe\">Pobierz<\/a><\/div>\n\n\n\n<p>Nie obowi\u0105zuj\u0105 op\u0142aty wst\u0119pne.&nbsp;<\/p>\n\n\n\n<p>Dla os\u00f3b preleguj\u0105cych spoza Krakowa przewidywany jest zwrot koszt\u00f3w podr\u00f3\u017cy do 200 z\u0142 netto.&nbsp;<\/p>\n\n\n\n<p>Po konferencji planowana jest publikacja artyku\u0142\u00f3w prelegent\u00f3w_ek w formie wydanie bezp\u0142atnego e-booka, kt\u00f3ry b\u0119dzie dost\u0119pny na stronie Krakowskiego Centrum Choreograficznego.&nbsp;<\/p>\n\n\n\n<p>Organizator przewiduje wynagrodzenie za nades\u0142any tekst w kwocie 700 z\u0142 brutto.&nbsp;<\/p>\n\n\n\n<figure class=\"wp-block-image size-large\"><img loading=\"lazy\" decoding=\"async\" width=\"1024\" height=\"538\" src=\"https:\/\/nck.krakow.pl\/kcc\/wp-content\/uploads\/2025\/01\/IKN_FB_post-16-1024x538.png\" alt=\"\" class=\"wp-image-8012\" srcset=\"https:\/\/nck.krakow.pl\/kcc\/wp-content\/uploads\/2025\/01\/IKN_FB_post-16-1024x538.png 1024w, https:\/\/nck.krakow.pl\/kcc\/wp-content\/uploads\/2025\/01\/IKN_FB_post-16-300x158.png 300w, https:\/\/nck.krakow.pl\/kcc\/wp-content\/uploads\/2025\/01\/IKN_FB_post-16-768x403.png 768w, https:\/\/nck.krakow.pl\/kcc\/wp-content\/uploads\/2025\/01\/IKN_FB_post-16-1536x807.png 1536w, https:\/\/nck.krakow.pl\/kcc\/wp-content\/uploads\/2025\/01\/IKN_FB_post-16-2048x1076.png 2048w\" sizes=\"(max-width: 1024px) 100vw, 1024px\" \/><\/figure>\n\n\n\n<p>Autorkami grafiki s\u0105: Zofia Karpowicz i Joanna Dyba.<\/p>\n","protected":false},"excerpt":{"rendered":"","protected":false},"author":5,"featured_media":8014,"comment_status":"closed","ping_status":"open","sticky":false,"template":"","format":"standard","meta":{"footnotes":""},"categories":[1],"tags":[],"class_list":["post-8011","post","type-post","status-publish","format-standard","has-post-thumbnail","hentry","category-uncategorized"],"yoast_head":"<!-- This site is optimized with the Yoast SEO plugin v19.12 - https:\/\/yoast.com\/wordpress\/plugins\/seo\/ -->\n<title>CALL FOR PAPERS - 2. Interdyscyplinarna Konferencja Naukowa \u201eZanurzenia. Pytania o p\u0142ynno\u015bci w choreografii i ta\u0144cu\u201d\u00a0 - Krakowskie Centrum Choreograficzne<\/title>\n<meta name=\"robots\" content=\"index, follow, max-snippet:-1, max-image-preview:large, max-video-preview:-1\" \/>\n<link rel=\"canonical\" href=\"https:\/\/nck.krakow.pl\/kcc\/blog\/call-for-papers-2-interdyscyplinarna-konferencja-naukowa-zanurzenia-pytania-o-plynnosci-w-choreografii-i-tancu\/\" \/>\n<meta property=\"og:locale\" content=\"pl_PL\" \/>\n<meta property=\"og:type\" content=\"article\" \/>\n<meta property=\"og:title\" content=\"CALL FOR PAPERS - 2. Interdyscyplinarna Konferencja Naukowa \u201eZanurzenia. Pytania o p\u0142ynno\u015bci w choreografii i ta\u0144cu\u201d\u00a0 - Krakowskie Centrum Choreograficzne\" \/>\n<meta property=\"og:url\" content=\"https:\/\/nck.krakow.pl\/kcc\/blog\/call-for-papers-2-interdyscyplinarna-konferencja-naukowa-zanurzenia-pytania-o-plynnosci-w-choreografii-i-tancu\/\" \/>\n<meta property=\"og:site_name\" content=\"Krakowskie Centrum Choreograficzne\" \/>\n<meta property=\"article:published_time\" content=\"2025-01-20T15:22:10+00:00\" \/>\n<meta property=\"article:modified_time\" content=\"2025-03-04T11:56:42+00:00\" \/>\n<meta property=\"og:image\" content=\"https:\/\/nck.krakow.pl\/kcc\/wp-content\/uploads\/2025\/01\/IKN_Zanurzenia_KCC-wpis.jpg\" \/>\n\t<meta property=\"og:image:width\" content=\"830\" \/>\n\t<meta property=\"og:image:height\" content=\"375\" \/>\n\t<meta property=\"og:image:type\" content=\"image\/jpeg\" \/>\n<meta name=\"author\" content=\"KCC\" \/>\n<meta name=\"twitter:card\" content=\"summary_large_image\" \/>\n<meta name=\"twitter:label1\" content=\"Written by\" \/>\n\t<meta name=\"twitter:data1\" content=\"KCC\" \/>\n\t<meta name=\"twitter:label2\" content=\"Est. reading time\" \/>\n\t<meta name=\"twitter:data2\" content=\"4 minuty\" \/>\n<script type=\"application\/ld+json\" class=\"yoast-schema-graph\">{\"@context\":\"https:\/\/schema.org\",\"@graph\":[{\"@type\":\"Article\",\"@id\":\"https:\/\/nck.krakow.pl\/kcc\/blog\/call-for-papers-2-interdyscyplinarna-konferencja-naukowa-zanurzenia-pytania-o-plynnosci-w-choreografii-i-tancu\/#article\",\"isPartOf\":{\"@id\":\"https:\/\/nck.krakow.pl\/kcc\/blog\/call-for-papers-2-interdyscyplinarna-konferencja-naukowa-zanurzenia-pytania-o-plynnosci-w-choreografii-i-tancu\/\"},\"author\":{\"name\":\"KCC\",\"@id\":\"https:\/\/nck.krakow.pl\/kcc\/#\/schema\/person\/09a344327ebc9be52fb6b2a85b949124\"},\"headline\":\"CALL FOR PAPERS &#8211; 2. Interdyscyplinarna Konferencja Naukowa \u201eZanurzenia. Pytania o p\u0142ynno\u015bci w choreografii i ta\u0144cu\u201d\u00a0\",\"datePublished\":\"2025-01-20T15:22:10+00:00\",\"dateModified\":\"2025-03-04T11:56:42+00:00\",\"mainEntityOfPage\":{\"@id\":\"https:\/\/nck.krakow.pl\/kcc\/blog\/call-for-papers-2-interdyscyplinarna-konferencja-naukowa-zanurzenia-pytania-o-plynnosci-w-choreografii-i-tancu\/\"},\"wordCount\":821,\"publisher\":{\"@id\":\"https:\/\/nck.krakow.pl\/kcc\/#organization\"},\"articleSection\":[\"Uncategorized\"],\"inLanguage\":\"pl-PL\"},{\"@type\":\"WebPage\",\"@id\":\"https:\/\/nck.krakow.pl\/kcc\/blog\/call-for-papers-2-interdyscyplinarna-konferencja-naukowa-zanurzenia-pytania-o-plynnosci-w-choreografii-i-tancu\/\",\"url\":\"https:\/\/nck.krakow.pl\/kcc\/blog\/call-for-papers-2-interdyscyplinarna-konferencja-naukowa-zanurzenia-pytania-o-plynnosci-w-choreografii-i-tancu\/\",\"name\":\"CALL FOR PAPERS - 2. Interdyscyplinarna Konferencja Naukowa \u201eZanurzenia. Pytania o p\u0142ynno\u015bci w choreografii i ta\u0144cu\u201d\u00a0 - Krakowskie Centrum Choreograficzne\",\"isPartOf\":{\"@id\":\"https:\/\/nck.krakow.pl\/kcc\/#website\"},\"datePublished\":\"2025-01-20T15:22:10+00:00\",\"dateModified\":\"2025-03-04T11:56:42+00:00\",\"breadcrumb\":{\"@id\":\"https:\/\/nck.krakow.pl\/kcc\/blog\/call-for-papers-2-interdyscyplinarna-konferencja-naukowa-zanurzenia-pytania-o-plynnosci-w-choreografii-i-tancu\/#breadcrumb\"},\"inLanguage\":\"pl-PL\",\"potentialAction\":[{\"@type\":\"ReadAction\",\"target\":[\"https:\/\/nck.krakow.pl\/kcc\/blog\/call-for-papers-2-interdyscyplinarna-konferencja-naukowa-zanurzenia-pytania-o-plynnosci-w-choreografii-i-tancu\/\"]}]},{\"@type\":\"BreadcrumbList\",\"@id\":\"https:\/\/nck.krakow.pl\/kcc\/blog\/call-for-papers-2-interdyscyplinarna-konferencja-naukowa-zanurzenia-pytania-o-plynnosci-w-choreografii-i-tancu\/#breadcrumb\",\"itemListElement\":[{\"@type\":\"ListItem\",\"position\":1,\"name\":\"Strona g\u0142\u00f3wna\",\"item\":\"https:\/\/nck.krakow.pl\/kcc\/\"},{\"@type\":\"ListItem\",\"position\":2,\"name\":\"CALL FOR PAPERS &#8211; 2. Interdyscyplinarna Konferencja Naukowa \u201eZanurzenia. Pytania o p\u0142ynno\u015bci w choreografii i ta\u0144cu\u201d\u00a0\"}]},{\"@type\":\"WebSite\",\"@id\":\"https:\/\/nck.krakow.pl\/kcc\/#website\",\"url\":\"https:\/\/nck.krakow.pl\/kcc\/\",\"name\":\"Krakowskie Centrum Choreograficzne\",\"description\":\"\",\"publisher\":{\"@id\":\"https:\/\/nck.krakow.pl\/kcc\/#organization\"},\"potentialAction\":[{\"@type\":\"SearchAction\",\"target\":{\"@type\":\"EntryPoint\",\"urlTemplate\":\"https:\/\/nck.krakow.pl\/kcc\/?s={search_term_string}\"},\"query-input\":\"required name=search_term_string\"}],\"inLanguage\":\"pl-PL\"},{\"@type\":\"Organization\",\"@id\":\"https:\/\/nck.krakow.pl\/kcc\/#organization\",\"name\":\"Krakowskie Centrum Choreograficzne\",\"url\":\"https:\/\/nck.krakow.pl\/kcc\/\",\"logo\":{\"@type\":\"ImageObject\",\"inLanguage\":\"pl-PL\",\"@id\":\"https:\/\/nck.krakow.pl\/kcc\/#\/schema\/logo\/image\/\",\"url\":\"https:\/\/nck.krakow.pl\/kcc\/wp-content\/uploads\/2020\/01\/cropped-logo-kcc-2020.png\",\"contentUrl\":\"https:\/\/nck.krakow.pl\/kcc\/wp-content\/uploads\/2020\/01\/cropped-logo-kcc-2020.png\",\"width\":116,\"height\":55,\"caption\":\"Krakowskie Centrum Choreograficzne\"},\"image\":{\"@id\":\"https:\/\/nck.krakow.pl\/kcc\/#\/schema\/logo\/image\/\"}},{\"@type\":\"Person\",\"@id\":\"https:\/\/nck.krakow.pl\/kcc\/#\/schema\/person\/09a344327ebc9be52fb6b2a85b949124\",\"name\":\"KCC\",\"image\":{\"@type\":\"ImageObject\",\"inLanguage\":\"pl-PL\",\"@id\":\"https:\/\/nck.krakow.pl\/kcc\/#\/schema\/person\/image\/\",\"url\":\"https:\/\/secure.gravatar.com\/avatar\/d8b615ee8b3cc2069ae663c5b89eec98?s=96&d=mm&r=g\",\"contentUrl\":\"https:\/\/secure.gravatar.com\/avatar\/d8b615ee8b3cc2069ae663c5b89eec98?s=96&d=mm&r=g\",\"caption\":\"KCC\"},\"url\":\"https:\/\/nck.krakow.pl\/kcc\/blog\/author\/atarczydlo\/\"}]}<\/script>\n<!-- \/ Yoast SEO plugin. -->","yoast_head_json":{"title":"CALL FOR PAPERS - 2. Interdyscyplinarna Konferencja Naukowa \u201eZanurzenia. Pytania o p\u0142ynno\u015bci w choreografii i ta\u0144cu\u201d\u00a0 - Krakowskie Centrum Choreograficzne","robots":{"index":"index","follow":"follow","max-snippet":"max-snippet:-1","max-image-preview":"max-image-preview:large","max-video-preview":"max-video-preview:-1"},"canonical":"https:\/\/nck.krakow.pl\/kcc\/blog\/call-for-papers-2-interdyscyplinarna-konferencja-naukowa-zanurzenia-pytania-o-plynnosci-w-choreografii-i-tancu\/","og_locale":"pl_PL","og_type":"article","og_title":"CALL FOR PAPERS - 2. Interdyscyplinarna Konferencja Naukowa \u201eZanurzenia. Pytania o p\u0142ynno\u015bci w choreografii i ta\u0144cu\u201d\u00a0 - Krakowskie Centrum Choreograficzne","og_url":"https:\/\/nck.krakow.pl\/kcc\/blog\/call-for-papers-2-interdyscyplinarna-konferencja-naukowa-zanurzenia-pytania-o-plynnosci-w-choreografii-i-tancu\/","og_site_name":"Krakowskie Centrum Choreograficzne","article_published_time":"2025-01-20T15:22:10+00:00","article_modified_time":"2025-03-04T11:56:42+00:00","og_image":[{"width":830,"height":375,"url":"https:\/\/nck.krakow.pl\/kcc\/wp-content\/uploads\/2025\/01\/IKN_Zanurzenia_KCC-wpis.jpg","type":"image\/jpeg"}],"author":"KCC","twitter_card":"summary_large_image","twitter_misc":{"Written by":"KCC","Est. reading time":"4 minuty"},"schema":{"@context":"https:\/\/schema.org","@graph":[{"@type":"Article","@id":"https:\/\/nck.krakow.pl\/kcc\/blog\/call-for-papers-2-interdyscyplinarna-konferencja-naukowa-zanurzenia-pytania-o-plynnosci-w-choreografii-i-tancu\/#article","isPartOf":{"@id":"https:\/\/nck.krakow.pl\/kcc\/blog\/call-for-papers-2-interdyscyplinarna-konferencja-naukowa-zanurzenia-pytania-o-plynnosci-w-choreografii-i-tancu\/"},"author":{"name":"KCC","@id":"https:\/\/nck.krakow.pl\/kcc\/#\/schema\/person\/09a344327ebc9be52fb6b2a85b949124"},"headline":"CALL FOR PAPERS &#8211; 2. Interdyscyplinarna Konferencja Naukowa \u201eZanurzenia. Pytania o p\u0142ynno\u015bci w choreografii i ta\u0144cu\u201d\u00a0","datePublished":"2025-01-20T15:22:10+00:00","dateModified":"2025-03-04T11:56:42+00:00","mainEntityOfPage":{"@id":"https:\/\/nck.krakow.pl\/kcc\/blog\/call-for-papers-2-interdyscyplinarna-konferencja-naukowa-zanurzenia-pytania-o-plynnosci-w-choreografii-i-tancu\/"},"wordCount":821,"publisher":{"@id":"https:\/\/nck.krakow.pl\/kcc\/#organization"},"articleSection":["Uncategorized"],"inLanguage":"pl-PL"},{"@type":"WebPage","@id":"https:\/\/nck.krakow.pl\/kcc\/blog\/call-for-papers-2-interdyscyplinarna-konferencja-naukowa-zanurzenia-pytania-o-plynnosci-w-choreografii-i-tancu\/","url":"https:\/\/nck.krakow.pl\/kcc\/blog\/call-for-papers-2-interdyscyplinarna-konferencja-naukowa-zanurzenia-pytania-o-plynnosci-w-choreografii-i-tancu\/","name":"CALL FOR PAPERS - 2. Interdyscyplinarna Konferencja Naukowa \u201eZanurzenia. Pytania o p\u0142ynno\u015bci w choreografii i ta\u0144cu\u201d\u00a0 - Krakowskie Centrum Choreograficzne","isPartOf":{"@id":"https:\/\/nck.krakow.pl\/kcc\/#website"},"datePublished":"2025-01-20T15:22:10+00:00","dateModified":"2025-03-04T11:56:42+00:00","breadcrumb":{"@id":"https:\/\/nck.krakow.pl\/kcc\/blog\/call-for-papers-2-interdyscyplinarna-konferencja-naukowa-zanurzenia-pytania-o-plynnosci-w-choreografii-i-tancu\/#breadcrumb"},"inLanguage":"pl-PL","potentialAction":[{"@type":"ReadAction","target":["https:\/\/nck.krakow.pl\/kcc\/blog\/call-for-papers-2-interdyscyplinarna-konferencja-naukowa-zanurzenia-pytania-o-plynnosci-w-choreografii-i-tancu\/"]}]},{"@type":"BreadcrumbList","@id":"https:\/\/nck.krakow.pl\/kcc\/blog\/call-for-papers-2-interdyscyplinarna-konferencja-naukowa-zanurzenia-pytania-o-plynnosci-w-choreografii-i-tancu\/#breadcrumb","itemListElement":[{"@type":"ListItem","position":1,"name":"Strona g\u0142\u00f3wna","item":"https:\/\/nck.krakow.pl\/kcc\/"},{"@type":"ListItem","position":2,"name":"CALL FOR PAPERS &#8211; 2. Interdyscyplinarna Konferencja Naukowa \u201eZanurzenia. Pytania o p\u0142ynno\u015bci w choreografii i ta\u0144cu\u201d\u00a0"}]},{"@type":"WebSite","@id":"https:\/\/nck.krakow.pl\/kcc\/#website","url":"https:\/\/nck.krakow.pl\/kcc\/","name":"Krakowskie Centrum Choreograficzne","description":"","publisher":{"@id":"https:\/\/nck.krakow.pl\/kcc\/#organization"},"potentialAction":[{"@type":"SearchAction","target":{"@type":"EntryPoint","urlTemplate":"https:\/\/nck.krakow.pl\/kcc\/?s={search_term_string}"},"query-input":"required name=search_term_string"}],"inLanguage":"pl-PL"},{"@type":"Organization","@id":"https:\/\/nck.krakow.pl\/kcc\/#organization","name":"Krakowskie Centrum Choreograficzne","url":"https:\/\/nck.krakow.pl\/kcc\/","logo":{"@type":"ImageObject","inLanguage":"pl-PL","@id":"https:\/\/nck.krakow.pl\/kcc\/#\/schema\/logo\/image\/","url":"https:\/\/nck.krakow.pl\/kcc\/wp-content\/uploads\/2020\/01\/cropped-logo-kcc-2020.png","contentUrl":"https:\/\/nck.krakow.pl\/kcc\/wp-content\/uploads\/2020\/01\/cropped-logo-kcc-2020.png","width":116,"height":55,"caption":"Krakowskie Centrum Choreograficzne"},"image":{"@id":"https:\/\/nck.krakow.pl\/kcc\/#\/schema\/logo\/image\/"}},{"@type":"Person","@id":"https:\/\/nck.krakow.pl\/kcc\/#\/schema\/person\/09a344327ebc9be52fb6b2a85b949124","name":"KCC","image":{"@type":"ImageObject","inLanguage":"pl-PL","@id":"https:\/\/nck.krakow.pl\/kcc\/#\/schema\/person\/image\/","url":"https:\/\/secure.gravatar.com\/avatar\/d8b615ee8b3cc2069ae663c5b89eec98?s=96&d=mm&r=g","contentUrl":"https:\/\/secure.gravatar.com\/avatar\/d8b615ee8b3cc2069ae663c5b89eec98?s=96&d=mm&r=g","caption":"KCC"},"url":"https:\/\/nck.krakow.pl\/kcc\/blog\/author\/atarczydlo\/"}]}},"_links":{"self":[{"href":"https:\/\/nck.krakow.pl\/kcc\/wp-json\/wp\/v2\/posts\/8011"}],"collection":[{"href":"https:\/\/nck.krakow.pl\/kcc\/wp-json\/wp\/v2\/posts"}],"about":[{"href":"https:\/\/nck.krakow.pl\/kcc\/wp-json\/wp\/v2\/types\/post"}],"author":[{"embeddable":true,"href":"https:\/\/nck.krakow.pl\/kcc\/wp-json\/wp\/v2\/users\/5"}],"replies":[{"embeddable":true,"href":"https:\/\/nck.krakow.pl\/kcc\/wp-json\/wp\/v2\/comments?post=8011"}],"version-history":[{"count":1,"href":"https:\/\/nck.krakow.pl\/kcc\/wp-json\/wp\/v2\/posts\/8011\/revisions"}],"predecessor-version":[{"id":8015,"href":"https:\/\/nck.krakow.pl\/kcc\/wp-json\/wp\/v2\/posts\/8011\/revisions\/8015"}],"wp:featuredmedia":[{"embeddable":true,"href":"https:\/\/nck.krakow.pl\/kcc\/wp-json\/wp\/v2\/media\/8014"}],"wp:attachment":[{"href":"https:\/\/nck.krakow.pl\/kcc\/wp-json\/wp\/v2\/media?parent=8011"}],"wp:term":[{"taxonomy":"category","embeddable":true,"href":"https:\/\/nck.krakow.pl\/kcc\/wp-json\/wp\/v2\/categories?post=8011"},{"taxonomy":"post_tag","embeddable":true,"href":"https:\/\/nck.krakow.pl\/kcc\/wp-json\/wp\/v2\/tags?post=8011"}],"curies":[{"name":"wp","href":"https:\/\/api.w.org\/{rel}","templated":true}]}}