{"id":6541,"date":"2022-11-10T13:33:47","date_gmt":"2022-11-10T13:33:47","guid":{"rendered":"https:\/\/nck.krakow.pl\/kcc\/?p=6541"},"modified":"2022-11-10T13:33:51","modified_gmt":"2022-11-10T13:33:51","slug":"prezentacja-tens-w-ramach-ogolnopolskiego-festiwalu-tanca-wspolczesnego","status":"publish","type":"post","link":"https:\/\/nck.krakow.pl\/kcc\/blog\/prezentacja-tens-w-ramach-ogolnopolskiego-festiwalu-tanca-wspolczesnego\/","title":{"rendered":"Prezentacja &#8222;Tens&#8221; w ramach Og\u00f3lnopolskiego Festiwalu Ta\u0144ca Wsp\u00f3\u0142czesnego"},"content":{"rendered":"\n<!--more-->\n\n\n\n<h2 class=\"wp-block-heading\">Prezentacja &#8222;Tens&#8221; w ramach Og\u00f3lnopolskiego Festiwalu Ta\u0144ca Wsp\u00f3\u0142czesnego<\/h2>\n\n\n\n<p>Przed nami kolejna prezentacja produkcji KCC w Polsce! Tym razem zapraszamy Was do Mielca, gdzie Marta Wo\u0142owiec poka\u017ce swoje solo \u201eTens\u201d podczas Og\u00f3lnopolskiego Festiwalu Ta\u0144ca Wsp\u00f3\u0142czesnego. Spektakl odb\u0119dzie si\u0119 19.11.2022 r. o godz. 19:00 w Domu Kultury SCK w Mielcu. Wi\u0119cej informacji o tym wydarzeniu znajdziecie tutaj:<br><a href=\"https:\/\/www.facebook.com\/events\/1094781304540254\">https:\/\/www.facebook.com\/events\/1094781304540254<\/a><\/p>\n\n\n\n<figure class=\"wp-block-embed is-type-video is-provider-vimeo wp-block-embed-vimeo wp-embed-aspect-16-9 wp-has-aspect-ratio\"><div class=\"wp-block-embed__wrapper\">\n<iframe loading=\"lazy\" title=\"Tens TRAILER Marta Wo\u0142owiec\" src=\"https:\/\/player.vimeo.com\/video\/479767270?h=af4a863594&amp;dnt=1&amp;app_id=122963\" width=\"768\" height=\"432\" frameborder=\"0\" allow=\"autoplay; fullscreen; picture-in-picture\" allowfullscreen><\/iframe>\n<\/div><\/figure>\n\n\n\n<p><strong>\u201eTens\u201d chor. Marta Wo\u0142owiec<\/strong><\/p>\n\n\n\n<p><strong>Koncepcja, choreografia, taniec:<\/strong>&nbsp;Marta Wo\u0142owiec<br><strong>Muzyka:<\/strong>&nbsp;Wojciech Kiwer<br><strong>Producent:<\/strong>&nbsp;Krakowskie Centrum Choreograficzne \u2013 Nowohuckie Centrum Kultury<br><strong>Premiera:<\/strong>&nbsp;4 wrze\u015bnia 2020 Mi\u0119dzynarodowy Festiwal Ta\u0144ca Wsp\u00f3\u0142czesnego Kalejdoskop<\/p>\n\n\n\n<p><em>\u201eWhatever you create will be influeneced by the energy you carry inside of you when you create it.\u201d<\/em><em><br>\u2013 Akiroq Brost<\/em><em><\/em><\/p>\n\n\n\n<p>Spektakl&nbsp;Tens* eksploruje temat cia\u0142a jako generatora, przeka\u017anika i odbiornika energii. Artystka poszukuje organiczno\u015bci wynikaj\u0105cej z przep\u0142ywu odczu\u0107 fizycznych, wibracji, pod\u0105\u017cania za g\u0142osem intuicji oraz zestrajania cia\u0142a i umys\u0142u. Daje sobie czas na rozw\u00f3j. Daje czas r\u00f3wnie\u017c widzom na zestrojenie ich w\u0142asnych cia\u0142 z cia\u0142em performerki.&nbsp;Tens&nbsp;to r\u00f3wnie\u017c napi\u0119cie, uwa\u017cno\u015b\u0107 i spok\u00f3j, a tak\u017ce si\u0142a, kt\u00f3r\u0105 zawsze mo\u017cna odnale\u017a\u0107 bior\u0105c g\u0142\u0119boki wdech i wydech, stoj\u0105c mocno na nogach.<\/p>\n\n\n\n<p>*Tens (z j. ang. transcutaneous electrical nerve stimulation) to metoda przezsk\u00f3rnej i elektrycznej stymulacji nerw\u00f3w, stosowana w terapii przeciwb\u00f3lowej, wykorzystuj\u0105ca impulsy elektryczne o niskiej amplitudzie. Umieszczenie elektrod na sk\u00f3rze sprawia, \u017ce pr\u0105d przep\u0142ywa do nerw\u00f3w obwodowych i pobudza je w dwojaki spos\u00f3b: blokuj\u0105c impuls nerwowy nios\u0105cy informacj\u0119 o b\u00f3lu do m\u00f3zgu oraz inicjuj\u0105c powstawanie substancji przeciwb\u00f3lowych \u2013 beta-endorfin.<\/p>\n\n\n\n<p>*Informacje pochodz\u0105 z portalu\u00a0<a href=\"http:\/\/medyczny-blog.pl\/\">medyczn<\/a><a href=\"http:\/\/medyczny-blog.pl\/\" target=\"_blank\" rel=\"noreferrer noopener\">y<\/a><a href=\"http:\/\/medyczny-blog.pl\/\">-blog.pl<\/a><\/p>\n\n\n\n<p>Fot. Maciej Zakrzewski<\/p>\n","protected":false},"excerpt":{"rendered":"","protected":false},"author":5,"featured_media":6542,"comment_status":"closed","ping_status":"open","sticky":false,"template":"","format":"standard","meta":{"footnotes":""},"categories":[1],"tags":[],"class_list":["post-6541","post","type-post","status-publish","format-standard","has-post-thumbnail","hentry","category-uncategorized"],"yoast_head":"<!-- This site is optimized with the Yoast SEO plugin v19.12 - https:\/\/yoast.com\/wordpress\/plugins\/seo\/ -->\n<title>Prezentacja &quot;Tens&quot; w ramach Og\u00f3lnopolskiego Festiwalu Ta\u0144ca Wsp\u00f3\u0142czesnego - Krakowskie Centrum Choreograficzne<\/title>\n<meta name=\"robots\" content=\"index, follow, max-snippet:-1, max-image-preview:large, max-video-preview:-1\" \/>\n<link rel=\"canonical\" href=\"https:\/\/nck.krakow.pl\/kcc\/blog\/prezentacja-tens-w-ramach-ogolnopolskiego-festiwalu-tanca-wspolczesnego\/\" \/>\n<meta property=\"og:locale\" content=\"pl_PL\" \/>\n<meta property=\"og:type\" content=\"article\" \/>\n<meta property=\"og:title\" content=\"Prezentacja &quot;Tens&quot; w ramach Og\u00f3lnopolskiego Festiwalu Ta\u0144ca Wsp\u00f3\u0142czesnego - Krakowskie Centrum Choreograficzne\" \/>\n<meta property=\"og:url\" content=\"https:\/\/nck.krakow.pl\/kcc\/blog\/prezentacja-tens-w-ramach-ogolnopolskiego-festiwalu-tanca-wspolczesnego\/\" \/>\n<meta property=\"og:site_name\" content=\"Krakowskie Centrum Choreograficzne\" \/>\n<meta property=\"article:published_time\" content=\"2022-11-10T13:33:47+00:00\" \/>\n<meta property=\"article:modified_time\" content=\"2022-11-10T13:33:51+00:00\" \/>\n<meta property=\"og:image\" content=\"https:\/\/nck.krakow.pl\/kcc\/wp-content\/uploads\/2022\/11\/Tens-w-Mielcu.png\" \/>\n\t<meta property=\"og:image:width\" content=\"830\" \/>\n\t<meta property=\"og:image:height\" content=\"375\" \/>\n\t<meta property=\"og:image:type\" content=\"image\/png\" \/>\n<meta name=\"author\" content=\"KCC\" \/>\n<meta name=\"twitter:card\" content=\"summary_large_image\" \/>\n<meta name=\"twitter:label1\" content=\"Written by\" \/>\n\t<meta name=\"twitter:data1\" content=\"KCC\" \/>\n\t<meta name=\"twitter:label2\" content=\"Est. reading time\" \/>\n\t<meta name=\"twitter:data2\" content=\"2 minuty\" \/>\n<script type=\"application\/ld+json\" class=\"yoast-schema-graph\">{\"@context\":\"https:\/\/schema.org\",\"@graph\":[{\"@type\":\"Article\",\"@id\":\"https:\/\/nck.krakow.pl\/kcc\/blog\/prezentacja-tens-w-ramach-ogolnopolskiego-festiwalu-tanca-wspolczesnego\/#article\",\"isPartOf\":{\"@id\":\"https:\/\/nck.krakow.pl\/kcc\/blog\/prezentacja-tens-w-ramach-ogolnopolskiego-festiwalu-tanca-wspolczesnego\/\"},\"author\":{\"name\":\"KCC\",\"@id\":\"https:\/\/nck.krakow.pl\/kcc\/#\/schema\/person\/09a344327ebc9be52fb6b2a85b949124\"},\"headline\":\"Prezentacja &#8222;Tens&#8221; w ramach Og\u00f3lnopolskiego Festiwalu Ta\u0144ca Wsp\u00f3\u0142czesnego\",\"datePublished\":\"2022-11-10T13:33:47+00:00\",\"dateModified\":\"2022-11-10T13:33:51+00:00\",\"mainEntityOfPage\":{\"@id\":\"https:\/\/nck.krakow.pl\/kcc\/blog\/prezentacja-tens-w-ramach-ogolnopolskiego-festiwalu-tanca-wspolczesnego\/\"},\"wordCount\":317,\"publisher\":{\"@id\":\"https:\/\/nck.krakow.pl\/kcc\/#organization\"},\"articleSection\":[\"Uncategorized\"],\"inLanguage\":\"pl-PL\"},{\"@type\":\"WebPage\",\"@id\":\"https:\/\/nck.krakow.pl\/kcc\/blog\/prezentacja-tens-w-ramach-ogolnopolskiego-festiwalu-tanca-wspolczesnego\/\",\"url\":\"https:\/\/nck.krakow.pl\/kcc\/blog\/prezentacja-tens-w-ramach-ogolnopolskiego-festiwalu-tanca-wspolczesnego\/\",\"name\":\"Prezentacja \\\"Tens\\\" w ramach Og\u00f3lnopolskiego Festiwalu Ta\u0144ca Wsp\u00f3\u0142czesnego - Krakowskie Centrum Choreograficzne\",\"isPartOf\":{\"@id\":\"https:\/\/nck.krakow.pl\/kcc\/#website\"},\"datePublished\":\"2022-11-10T13:33:47+00:00\",\"dateModified\":\"2022-11-10T13:33:51+00:00\",\"breadcrumb\":{\"@id\":\"https:\/\/nck.krakow.pl\/kcc\/blog\/prezentacja-tens-w-ramach-ogolnopolskiego-festiwalu-tanca-wspolczesnego\/#breadcrumb\"},\"inLanguage\":\"pl-PL\",\"potentialAction\":[{\"@type\":\"ReadAction\",\"target\":[\"https:\/\/nck.krakow.pl\/kcc\/blog\/prezentacja-tens-w-ramach-ogolnopolskiego-festiwalu-tanca-wspolczesnego\/\"]}]},{\"@type\":\"BreadcrumbList\",\"@id\":\"https:\/\/nck.krakow.pl\/kcc\/blog\/prezentacja-tens-w-ramach-ogolnopolskiego-festiwalu-tanca-wspolczesnego\/#breadcrumb\",\"itemListElement\":[{\"@type\":\"ListItem\",\"position\":1,\"name\":\"Strona g\u0142\u00f3wna\",\"item\":\"https:\/\/nck.krakow.pl\/kcc\/\"},{\"@type\":\"ListItem\",\"position\":2,\"name\":\"Prezentacja &#8222;Tens&#8221; w ramach Og\u00f3lnopolskiego Festiwalu Ta\u0144ca Wsp\u00f3\u0142czesnego\"}]},{\"@type\":\"WebSite\",\"@id\":\"https:\/\/nck.krakow.pl\/kcc\/#website\",\"url\":\"https:\/\/nck.krakow.pl\/kcc\/\",\"name\":\"Krakowskie Centrum Choreograficzne\",\"description\":\"\",\"publisher\":{\"@id\":\"https:\/\/nck.krakow.pl\/kcc\/#organization\"},\"potentialAction\":[{\"@type\":\"SearchAction\",\"target\":{\"@type\":\"EntryPoint\",\"urlTemplate\":\"https:\/\/nck.krakow.pl\/kcc\/?s={search_term_string}\"},\"query-input\":\"required name=search_term_string\"}],\"inLanguage\":\"pl-PL\"},{\"@type\":\"Organization\",\"@id\":\"https:\/\/nck.krakow.pl\/kcc\/#organization\",\"name\":\"Krakowskie Centrum Choreograficzne\",\"url\":\"https:\/\/nck.krakow.pl\/kcc\/\",\"logo\":{\"@type\":\"ImageObject\",\"inLanguage\":\"pl-PL\",\"@id\":\"https:\/\/nck.krakow.pl\/kcc\/#\/schema\/logo\/image\/\",\"url\":\"https:\/\/nck.krakow.pl\/kcc\/wp-content\/uploads\/2020\/01\/cropped-logo-kcc-2020.png\",\"contentUrl\":\"https:\/\/nck.krakow.pl\/kcc\/wp-content\/uploads\/2020\/01\/cropped-logo-kcc-2020.png\",\"width\":116,\"height\":55,\"caption\":\"Krakowskie Centrum Choreograficzne\"},\"image\":{\"@id\":\"https:\/\/nck.krakow.pl\/kcc\/#\/schema\/logo\/image\/\"}},{\"@type\":\"Person\",\"@id\":\"https:\/\/nck.krakow.pl\/kcc\/#\/schema\/person\/09a344327ebc9be52fb6b2a85b949124\",\"name\":\"KCC\",\"image\":{\"@type\":\"ImageObject\",\"inLanguage\":\"pl-PL\",\"@id\":\"https:\/\/nck.krakow.pl\/kcc\/#\/schema\/person\/image\/\",\"url\":\"https:\/\/secure.gravatar.com\/avatar\/d8b615ee8b3cc2069ae663c5b89eec98?s=96&d=mm&r=g\",\"contentUrl\":\"https:\/\/secure.gravatar.com\/avatar\/d8b615ee8b3cc2069ae663c5b89eec98?s=96&d=mm&r=g\",\"caption\":\"KCC\"},\"url\":\"https:\/\/nck.krakow.pl\/kcc\/blog\/author\/atarczydlo\/\"}]}<\/script>\n<!-- \/ Yoast SEO plugin. -->","yoast_head_json":{"title":"Prezentacja \"Tens\" w ramach Og\u00f3lnopolskiego Festiwalu Ta\u0144ca Wsp\u00f3\u0142czesnego - Krakowskie Centrum Choreograficzne","robots":{"index":"index","follow":"follow","max-snippet":"max-snippet:-1","max-image-preview":"max-image-preview:large","max-video-preview":"max-video-preview:-1"},"canonical":"https:\/\/nck.krakow.pl\/kcc\/blog\/prezentacja-tens-w-ramach-ogolnopolskiego-festiwalu-tanca-wspolczesnego\/","og_locale":"pl_PL","og_type":"article","og_title":"Prezentacja \"Tens\" w ramach Og\u00f3lnopolskiego Festiwalu Ta\u0144ca Wsp\u00f3\u0142czesnego - Krakowskie Centrum Choreograficzne","og_url":"https:\/\/nck.krakow.pl\/kcc\/blog\/prezentacja-tens-w-ramach-ogolnopolskiego-festiwalu-tanca-wspolczesnego\/","og_site_name":"Krakowskie Centrum Choreograficzne","article_published_time":"2022-11-10T13:33:47+00:00","article_modified_time":"2022-11-10T13:33:51+00:00","og_image":[{"width":830,"height":375,"url":"https:\/\/nck.krakow.pl\/kcc\/wp-content\/uploads\/2022\/11\/Tens-w-Mielcu.png","type":"image\/png"}],"author":"KCC","twitter_card":"summary_large_image","twitter_misc":{"Written by":"KCC","Est. reading time":"2 minuty"},"schema":{"@context":"https:\/\/schema.org","@graph":[{"@type":"Article","@id":"https:\/\/nck.krakow.pl\/kcc\/blog\/prezentacja-tens-w-ramach-ogolnopolskiego-festiwalu-tanca-wspolczesnego\/#article","isPartOf":{"@id":"https:\/\/nck.krakow.pl\/kcc\/blog\/prezentacja-tens-w-ramach-ogolnopolskiego-festiwalu-tanca-wspolczesnego\/"},"author":{"name":"KCC","@id":"https:\/\/nck.krakow.pl\/kcc\/#\/schema\/person\/09a344327ebc9be52fb6b2a85b949124"},"headline":"Prezentacja &#8222;Tens&#8221; w ramach Og\u00f3lnopolskiego Festiwalu Ta\u0144ca Wsp\u00f3\u0142czesnego","datePublished":"2022-11-10T13:33:47+00:00","dateModified":"2022-11-10T13:33:51+00:00","mainEntityOfPage":{"@id":"https:\/\/nck.krakow.pl\/kcc\/blog\/prezentacja-tens-w-ramach-ogolnopolskiego-festiwalu-tanca-wspolczesnego\/"},"wordCount":317,"publisher":{"@id":"https:\/\/nck.krakow.pl\/kcc\/#organization"},"articleSection":["Uncategorized"],"inLanguage":"pl-PL"},{"@type":"WebPage","@id":"https:\/\/nck.krakow.pl\/kcc\/blog\/prezentacja-tens-w-ramach-ogolnopolskiego-festiwalu-tanca-wspolczesnego\/","url":"https:\/\/nck.krakow.pl\/kcc\/blog\/prezentacja-tens-w-ramach-ogolnopolskiego-festiwalu-tanca-wspolczesnego\/","name":"Prezentacja \"Tens\" w ramach Og\u00f3lnopolskiego Festiwalu Ta\u0144ca Wsp\u00f3\u0142czesnego - Krakowskie Centrum Choreograficzne","isPartOf":{"@id":"https:\/\/nck.krakow.pl\/kcc\/#website"},"datePublished":"2022-11-10T13:33:47+00:00","dateModified":"2022-11-10T13:33:51+00:00","breadcrumb":{"@id":"https:\/\/nck.krakow.pl\/kcc\/blog\/prezentacja-tens-w-ramach-ogolnopolskiego-festiwalu-tanca-wspolczesnego\/#breadcrumb"},"inLanguage":"pl-PL","potentialAction":[{"@type":"ReadAction","target":["https:\/\/nck.krakow.pl\/kcc\/blog\/prezentacja-tens-w-ramach-ogolnopolskiego-festiwalu-tanca-wspolczesnego\/"]}]},{"@type":"BreadcrumbList","@id":"https:\/\/nck.krakow.pl\/kcc\/blog\/prezentacja-tens-w-ramach-ogolnopolskiego-festiwalu-tanca-wspolczesnego\/#breadcrumb","itemListElement":[{"@type":"ListItem","position":1,"name":"Strona g\u0142\u00f3wna","item":"https:\/\/nck.krakow.pl\/kcc\/"},{"@type":"ListItem","position":2,"name":"Prezentacja &#8222;Tens&#8221; w ramach Og\u00f3lnopolskiego Festiwalu Ta\u0144ca Wsp\u00f3\u0142czesnego"}]},{"@type":"WebSite","@id":"https:\/\/nck.krakow.pl\/kcc\/#website","url":"https:\/\/nck.krakow.pl\/kcc\/","name":"Krakowskie Centrum Choreograficzne","description":"","publisher":{"@id":"https:\/\/nck.krakow.pl\/kcc\/#organization"},"potentialAction":[{"@type":"SearchAction","target":{"@type":"EntryPoint","urlTemplate":"https:\/\/nck.krakow.pl\/kcc\/?s={search_term_string}"},"query-input":"required name=search_term_string"}],"inLanguage":"pl-PL"},{"@type":"Organization","@id":"https:\/\/nck.krakow.pl\/kcc\/#organization","name":"Krakowskie Centrum Choreograficzne","url":"https:\/\/nck.krakow.pl\/kcc\/","logo":{"@type":"ImageObject","inLanguage":"pl-PL","@id":"https:\/\/nck.krakow.pl\/kcc\/#\/schema\/logo\/image\/","url":"https:\/\/nck.krakow.pl\/kcc\/wp-content\/uploads\/2020\/01\/cropped-logo-kcc-2020.png","contentUrl":"https:\/\/nck.krakow.pl\/kcc\/wp-content\/uploads\/2020\/01\/cropped-logo-kcc-2020.png","width":116,"height":55,"caption":"Krakowskie Centrum Choreograficzne"},"image":{"@id":"https:\/\/nck.krakow.pl\/kcc\/#\/schema\/logo\/image\/"}},{"@type":"Person","@id":"https:\/\/nck.krakow.pl\/kcc\/#\/schema\/person\/09a344327ebc9be52fb6b2a85b949124","name":"KCC","image":{"@type":"ImageObject","inLanguage":"pl-PL","@id":"https:\/\/nck.krakow.pl\/kcc\/#\/schema\/person\/image\/","url":"https:\/\/secure.gravatar.com\/avatar\/d8b615ee8b3cc2069ae663c5b89eec98?s=96&d=mm&r=g","contentUrl":"https:\/\/secure.gravatar.com\/avatar\/d8b615ee8b3cc2069ae663c5b89eec98?s=96&d=mm&r=g","caption":"KCC"},"url":"https:\/\/nck.krakow.pl\/kcc\/blog\/author\/atarczydlo\/"}]}},"_links":{"self":[{"href":"https:\/\/nck.krakow.pl\/kcc\/wp-json\/wp\/v2\/posts\/6541"}],"collection":[{"href":"https:\/\/nck.krakow.pl\/kcc\/wp-json\/wp\/v2\/posts"}],"about":[{"href":"https:\/\/nck.krakow.pl\/kcc\/wp-json\/wp\/v2\/types\/post"}],"author":[{"embeddable":true,"href":"https:\/\/nck.krakow.pl\/kcc\/wp-json\/wp\/v2\/users\/5"}],"replies":[{"embeddable":true,"href":"https:\/\/nck.krakow.pl\/kcc\/wp-json\/wp\/v2\/comments?post=6541"}],"version-history":[{"count":1,"href":"https:\/\/nck.krakow.pl\/kcc\/wp-json\/wp\/v2\/posts\/6541\/revisions"}],"predecessor-version":[{"id":6543,"href":"https:\/\/nck.krakow.pl\/kcc\/wp-json\/wp\/v2\/posts\/6541\/revisions\/6543"}],"wp:featuredmedia":[{"embeddable":true,"href":"https:\/\/nck.krakow.pl\/kcc\/wp-json\/wp\/v2\/media\/6542"}],"wp:attachment":[{"href":"https:\/\/nck.krakow.pl\/kcc\/wp-json\/wp\/v2\/media?parent=6541"}],"wp:term":[{"taxonomy":"category","embeddable":true,"href":"https:\/\/nck.krakow.pl\/kcc\/wp-json\/wp\/v2\/categories?post=6541"},{"taxonomy":"post_tag","embeddable":true,"href":"https:\/\/nck.krakow.pl\/kcc\/wp-json\/wp\/v2\/tags?post=6541"}],"curies":[{"name":"wp","href":"https:\/\/api.w.org\/{rel}","templated":true}]}}