{"id":4645,"date":"2020-06-19T11:55:38","date_gmt":"2020-06-19T11:55:38","guid":{"rendered":"https:\/\/nck.krakow.pl\/kcc\/?p=4645"},"modified":"2020-06-19T11:55:41","modified_gmt":"2020-06-19T11:55:41","slug":"premiera-ksiazki-push-it-will-come-later","status":"publish","type":"post","link":"https:\/\/nck.krakow.pl\/kcc\/blog\/premiera-ksiazki-push-it-will-come-later\/","title":{"rendered":"Premiera ksi\u0105\u017cki PUSH: IT WILL COME LATER"},"content":{"rendered":"\n<!--more-->\n\n\n\n<h2 class=\"wp-block-heading\"><strong>Premiera ksi\u0105\u017cki PUSH: IT WILL COME LATER<\/strong><\/h2>\n\n\n\n<p>Zapraszamy napremier\u0119 ksi\u0105\u017cki \u201ePUSH: IT WILL COME\nLATER\u201d \u2013 antologii tekst\u00f3w 18 uczestnik\u00f3w i obserwator\u00f3w projektu International\nContemporary Dance Collective 2018-2020 (<a href=\"http:\/\/www.icodaco.com\">www.icodaco.com<\/a>),\nrealizowanego przez Krakowskie Centrum Choreograficzne w ramach programu\nKreatywna Europa wraz z partnerami ze Szwecji, Walii, W\u0119gier i Hongkongu. <\/p>\n\n\n\n<p><strong>International Contemporary Dance Collective (iCoDaCo)<\/strong><br><strong>Premiera ksi\u0105\u017cki<\/strong><br><strong>PUSH: IT WILL COME LATER <\/strong><\/p>\n\n\n\n<p><strong>30 czerwca 2020, godz. 10.00 <\/strong><\/p>\n\n\n\n<p><a href=\"https:\/\/forms.gle\/TsNAmuW9DApyGUcz8\">Wype\u0142nij\nformularz<\/a>, aby wzi\u0105\u0107 udzia\u0142 w webinarze lub obejrzyj transmisj\u0119 na <a href=\"https:\/\/www.facebook.com\/icodaco\">stronie\niCoDaCo na Facebooku<\/a>. <\/p>\n\n\n\n<p>Ksi\u0105\u017cka zawiera\nzestaw r\u00f3\u017cnorodnych wypowiedzi i prowokacji, przyporz\u0105dkowanych do kategorii:\nMi\u0119dzynarodowy &#8211; Wsp\u00f3\u0142czesny &#8211; Taniec &#8211; Kolektyw. Poddaje refleksji wyzwania\nzwi\u0105zane ze wsp\u00f3\u0142prac\u0105 i warunki praktykowania pracy z innymi w obszarze mi\u0119dzynarodowego\n\u015brodowiska ta\u0144ca wsp\u00f3\u0142czesnego. Ksi\u0105\u017cka nie zawiera rozstrzygni\u0119\u0107, ani\nnie jest podr\u0119cznikiem, kt\u00f3ry oferowa\u0142by ca\u0142o\u015bciowe rozwi\u0105zania. Nie mniej\njednak, stanowi wielowymiarow\u0105 przestrze\u0144 wymiany, opisu osobistych\ndo\u015bwiadcze\u0144, odkrywania powracaj\u0105cych problem\u00f3w, podnoszenia pyta\u0144 i\nsugerowania praktyk, kt\u00f3re potencjalnie mog\u0142yby by\u0107 przydatne dla czytelnik\u00f3w,\nkt\u00f3rzy znale\u017ali si\u0119 w podobnej sytuacji.<\/p>\n\n\n\n<p>Data: 30 czerwca 2020<br>Czas: 10.00-11.15<\/p>\n\n\n\n<p>Miejsce: Webinar\nna platformie Zoom (<a href=\"https:\/\/forms.gle\/TsNAmuW9DApyGUcz8\">zarejestruj si\u0119 tutaj<\/a> &#8211; wszystkie szczeg\u00f3\u0142y\ni link do webinaru otrzymasz na kilka dni przed wydarzeniem).<\/p>\n\n\n\n<p>Istnieje tak\u017ce\nmo\u017cliwo\u015b\u0107 ogl\u0105dania transmisji na \u017cywo, bez konieczno\u015bci rejestracji na <a href=\"https:\/\/www.facebook.com\/icodaco\">stronie\niCoDaCo na Facebooku<\/a>. <\/p>\n\n\n\n<p>Spotkanie odb\u0119dzie\nsi\u0119 w j\u0119zyku angielskim.<\/p>\n\n\n\n<p>Wydarzenie\nrozpocznie si\u0119 od kr\u00f3tkich prezentacji pi\u0119ciorga uczestnik\u00f3w projektu\nInternational Contemporary Dance Collective 2018-2020 i autor\u00f3w tekst\u00f3w\nzawartych w ksi\u0105\u017cce \u201ePUSH: IT WILL COME LATER\u201d, w drugiej cz\u0119\u015bci nast\u0105pi\ndyskusja z publiczno\u015bci\u0105, kt\u00f3ra b\u0119dzie mie\u0107 mo\u017cliwo\u015b\u0107 zadawania pyta\u0144\nbezpo\u015brednio na webinarze i w komentarzach na Facebooku.<\/p>\n\n\n\n<p>W premierze\nksi\u0105\u017cki wezm\u0105 udzia\u0142 wszyscy arty\u015bci tworz\u0105cy kolektyw iCoDaCo 2018-2020, do\nkt\u00f3rych b\u0119dzie mo\u017cna skierowa\u0107 pytania: Imre Vass (W\u0119gry), Eddie Ladd (Walia),\nLee Brummer i Hampus Bergenheim (Szwecja), Weronika Pelczy\u0144ska (Polska), Joseph\nLee i Mui Cheuk Yin (Hong Kong).<\/p>\n\n\n\n<div style=\"height:20px\" aria-hidden=\"true\" class=\"wp-block-spacer\"><\/div>\n\n\n\n<p> Zaproszeni go\u015bcie:<\/p>\n\n\n\n<p><strong>Diego Agull\u00f3 &#8211; badacz i artysta-amator<\/strong><br>Redaktor \u201ePush: it will come later\u201d<br>Diego b\u0119dzie m\u00f3wi\u0107 o procesie przygotowania ksi\u0105\u017cki i wyj\u0105tkowym do\u015bwiadczeniu perspektywy \u201eod wewn\u0105trz\u201d i \u201cz zewn\u0105trz\u201d iCoDaCo.<\/p>\n\n\n\n<p><strong>Gordon Beveridge &#8211; projektant graficzny<\/strong><br>Projektant identyfikacji wizualnej iCoDaCo i ksi\u0105\u017cki \u201ePush: it will come later\u201d.<br>Gordon b\u0119dzie m\u00f3wi\u0107 o procesie tworzenia identyfikacji wizualnej iCoDaCo i poszukiwaniach j\u0119zyka wizualnego, kt\u00f3ry pozwoli\u0142by zobrazowa\u0107 niuanse projektu w ksi\u0105\u017cce.<\/p>\n\n\n\n<p><strong>Israel Aloni &#8211; dyrektor artystyczny i wsp\u00f3\u0142za\u0142o\u017cyciel ilDance, artysta i prowokator<\/strong><br>Architekt i mi\u0119dzynarodowy menad\u017cer iCoDaCo. <br>Israel b\u0119dzie m\u00f3wi\u0107 o mi\u0119dzynarodowych i wsp\u00f3\u0142czesnych aspektach projektu iCoDaCo oraz samej ksi\u0105\u017cki. <\/p>\n\n\n\n<p><strong>Lee Brummer &#8211; zast\u0119pczyni dyrektora i wsp\u00f3\u0142za\u0142o\u017cycielka ilDance, artystka i pedago\u017cka<\/strong><br>Jedna z artystek kolektywu w edycji 2018-2020 projektu iCoDaCo.<br>Lee b\u0119dzie m\u00f3wi\u0107 o pracy kolektywnej i wsp\u00f3\u0142pracy oraz jak by\u0142y one praktykowane w ramach iCoDaCo 2018-2020.<\/p>\n\n\n\n<p><strong>Weronika Pelczy\u0144ska <\/strong>&#8211; niezale\u017cna choreografka, tancerka i pedago\u017cka<br>Jedna z artystek kolektywu w edycji 2018-2020 projektu iCoDaCo.<br>Weronika b\u0119dzie m\u00f3wi\u0107 o ta\u0144cu i ruchu. Jakiego rodzaju praktyki zosta\u0142y wypracowane przez iCoDaCo? Jakiego rodzaju do\u015bwiadczenia zwi\u0105zane z ta\u0144cem iCoDaCo oferowa\u0142o artystom i publiczno\u015bci?<\/p>\n\n\n\n<div style=\"height:30px\" aria-hidden=\"true\" class=\"wp-block-spacer\"><\/div>\n\n\n\n<p>Czym jest iCoDaCo?<\/p>\n\n\n\n<p>iCoDaCo (International Contemporary Dance Collective)\nto dwuletni, prowadzony przez artyst\u00f3w projekt wymiany mi\u0119dzynarodowej\ndzia\u0142aj\u0105cy w obszarze ta\u0144ca wsp\u00f3\u0142czesnego. Projekt zosta\u0142 zainicjowany przez\nmi\u0119dzynarodow\u0105 organizacj\u0119 ilDance w Goteborgu (Szwecja) w 2012 roku. Edycja\n2018-2020 jest dofinansowana przez Uni\u0119 Europejsk\u0105 w ramach programu Kreatywna\nEuropa.<\/p>\n\n\n\n<p>Aby uzyska\u0107 szczeg\u00f3\u0142owe informacje lub przes\u0142a\u0107 pytania wy\u015blij wiadomo\u015b\u0107 na adres info@ildance.se<br>Strona International Contemporary Dance Collective:<a href=\"http:\/\/www.icodaco.com\/\"> www.icodaco.com<\/a><br>Strona ilDance:<a href=\"http:\/\/www.ildance.se\/\"> www.ildance.se<\/a><\/p>\n\n\n\n<figure class=\"wp-block-image\"><img loading=\"lazy\" decoding=\"async\" width=\"1024\" height=\"565\" src=\"https:\/\/nck.krakow.pl\/kcc\/wp-content\/uploads\/2020\/06\/stopka-PP-1024x565.jpg\" alt=\"\" class=\"wp-image-4647\" srcset=\"https:\/\/nck.krakow.pl\/kcc\/wp-content\/uploads\/2020\/06\/stopka-PP-1024x565.jpg 1024w, https:\/\/nck.krakow.pl\/kcc\/wp-content\/uploads\/2020\/06\/stopka-PP-300x165.jpg 300w, https:\/\/nck.krakow.pl\/kcc\/wp-content\/uploads\/2020\/06\/stopka-PP-768x423.jpg 768w, https:\/\/nck.krakow.pl\/kcc\/wp-content\/uploads\/2020\/06\/stopka-PP.jpg 1500w\" sizes=\"(max-width: 1024px) 100vw, 1024px\" \/><\/figure>\n","protected":false},"excerpt":{"rendered":"","protected":false},"author":5,"featured_media":4646,"comment_status":"closed","ping_status":"open","sticky":false,"template":"","format":"standard","meta":{"footnotes":""},"categories":[1],"tags":[],"class_list":["post-4645","post","type-post","status-publish","format-standard","has-post-thumbnail","hentry","category-uncategorized"],"yoast_head":"<!-- This site is optimized with the Yoast SEO plugin v19.12 - https:\/\/yoast.com\/wordpress\/plugins\/seo\/ -->\n<title>Premiera ksi\u0105\u017cki PUSH: IT WILL COME LATER - Krakowskie Centrum Choreograficzne<\/title>\n<meta name=\"robots\" content=\"index, follow, max-snippet:-1, max-image-preview:large, max-video-preview:-1\" \/>\n<link rel=\"canonical\" href=\"https:\/\/nck.krakow.pl\/kcc\/blog\/premiera-ksiazki-push-it-will-come-later\/\" \/>\n<meta property=\"og:locale\" content=\"pl_PL\" \/>\n<meta property=\"og:type\" content=\"article\" \/>\n<meta property=\"og:title\" content=\"Premiera ksi\u0105\u017cki PUSH: IT WILL COME LATER\" \/>\n<meta property=\"og:description\" content=\"18 uczestnik\u00f3w i obserwator\u00f3w projektu International Contemporary Dance Collective 2018-2020\" \/>\n<meta property=\"og:url\" content=\"https:\/\/nck.krakow.pl\/kcc\/blog\/premiera-ksiazki-push-it-will-come-later\/\" \/>\n<meta property=\"og:site_name\" content=\"Krakowskie Centrum Choreograficzne\" \/>\n<meta property=\"article:published_time\" content=\"2020-06-19T11:55:38+00:00\" \/>\n<meta property=\"article:modified_time\" content=\"2020-06-19T11:55:41+00:00\" \/>\n<meta property=\"og:image\" content=\"https:\/\/nck.krakow.pl\/kcc\/wp-content\/uploads\/2020\/06\/icodaco-book.png\" \/>\n\t<meta property=\"og:image:width\" content=\"960\" \/>\n\t<meta property=\"og:image:height\" content=\"439\" \/>\n\t<meta property=\"og:image:type\" content=\"image\/png\" \/>\n<meta name=\"author\" content=\"KCC\" \/>\n<meta name=\"twitter:card\" content=\"summary_large_image\" \/>\n<meta name=\"twitter:label1\" content=\"Written by\" \/>\n\t<meta name=\"twitter:data1\" content=\"KCC\" \/>\n\t<meta name=\"twitter:label2\" content=\"Est. reading time\" \/>\n\t<meta name=\"twitter:data2\" content=\"3 minuty\" \/>\n<script type=\"application\/ld+json\" class=\"yoast-schema-graph\">{\"@context\":\"https:\/\/schema.org\",\"@graph\":[{\"@type\":\"Article\",\"@id\":\"https:\/\/nck.krakow.pl\/kcc\/blog\/premiera-ksiazki-push-it-will-come-later\/#article\",\"isPartOf\":{\"@id\":\"https:\/\/nck.krakow.pl\/kcc\/blog\/premiera-ksiazki-push-it-will-come-later\/\"},\"author\":{\"name\":\"KCC\",\"@id\":\"https:\/\/nck.krakow.pl\/kcc\/#\/schema\/person\/09a344327ebc9be52fb6b2a85b949124\"},\"headline\":\"Premiera ksi\u0105\u017cki PUSH: IT WILL COME LATER\",\"datePublished\":\"2020-06-19T11:55:38+00:00\",\"dateModified\":\"2020-06-19T11:55:41+00:00\",\"mainEntityOfPage\":{\"@id\":\"https:\/\/nck.krakow.pl\/kcc\/blog\/premiera-ksiazki-push-it-will-come-later\/\"},\"wordCount\":657,\"publisher\":{\"@id\":\"https:\/\/nck.krakow.pl\/kcc\/#organization\"},\"articleSection\":[\"Uncategorized\"],\"inLanguage\":\"pl-PL\"},{\"@type\":\"WebPage\",\"@id\":\"https:\/\/nck.krakow.pl\/kcc\/blog\/premiera-ksiazki-push-it-will-come-later\/\",\"url\":\"https:\/\/nck.krakow.pl\/kcc\/blog\/premiera-ksiazki-push-it-will-come-later\/\",\"name\":\"Premiera ksi\u0105\u017cki PUSH: IT WILL COME LATER - Krakowskie Centrum Choreograficzne\",\"isPartOf\":{\"@id\":\"https:\/\/nck.krakow.pl\/kcc\/#website\"},\"datePublished\":\"2020-06-19T11:55:38+00:00\",\"dateModified\":\"2020-06-19T11:55:41+00:00\",\"breadcrumb\":{\"@id\":\"https:\/\/nck.krakow.pl\/kcc\/blog\/premiera-ksiazki-push-it-will-come-later\/#breadcrumb\"},\"inLanguage\":\"pl-PL\",\"potentialAction\":[{\"@type\":\"ReadAction\",\"target\":[\"https:\/\/nck.krakow.pl\/kcc\/blog\/premiera-ksiazki-push-it-will-come-later\/\"]}]},{\"@type\":\"BreadcrumbList\",\"@id\":\"https:\/\/nck.krakow.pl\/kcc\/blog\/premiera-ksiazki-push-it-will-come-later\/#breadcrumb\",\"itemListElement\":[{\"@type\":\"ListItem\",\"position\":1,\"name\":\"Strona g\u0142\u00f3wna\",\"item\":\"https:\/\/nck.krakow.pl\/kcc\/\"},{\"@type\":\"ListItem\",\"position\":2,\"name\":\"Premiera ksi\u0105\u017cki PUSH: IT WILL COME LATER\"}]},{\"@type\":\"WebSite\",\"@id\":\"https:\/\/nck.krakow.pl\/kcc\/#website\",\"url\":\"https:\/\/nck.krakow.pl\/kcc\/\",\"name\":\"Krakowskie Centrum Choreograficzne\",\"description\":\"\",\"publisher\":{\"@id\":\"https:\/\/nck.krakow.pl\/kcc\/#organization\"},\"potentialAction\":[{\"@type\":\"SearchAction\",\"target\":{\"@type\":\"EntryPoint\",\"urlTemplate\":\"https:\/\/nck.krakow.pl\/kcc\/?s={search_term_string}\"},\"query-input\":\"required name=search_term_string\"}],\"inLanguage\":\"pl-PL\"},{\"@type\":\"Organization\",\"@id\":\"https:\/\/nck.krakow.pl\/kcc\/#organization\",\"name\":\"Krakowskie Centrum Choreograficzne\",\"url\":\"https:\/\/nck.krakow.pl\/kcc\/\",\"logo\":{\"@type\":\"ImageObject\",\"inLanguage\":\"pl-PL\",\"@id\":\"https:\/\/nck.krakow.pl\/kcc\/#\/schema\/logo\/image\/\",\"url\":\"https:\/\/nck.krakow.pl\/kcc\/wp-content\/uploads\/2020\/01\/cropped-logo-kcc-2020.png\",\"contentUrl\":\"https:\/\/nck.krakow.pl\/kcc\/wp-content\/uploads\/2020\/01\/cropped-logo-kcc-2020.png\",\"width\":116,\"height\":55,\"caption\":\"Krakowskie Centrum Choreograficzne\"},\"image\":{\"@id\":\"https:\/\/nck.krakow.pl\/kcc\/#\/schema\/logo\/image\/\"}},{\"@type\":\"Person\",\"@id\":\"https:\/\/nck.krakow.pl\/kcc\/#\/schema\/person\/09a344327ebc9be52fb6b2a85b949124\",\"name\":\"KCC\",\"image\":{\"@type\":\"ImageObject\",\"inLanguage\":\"pl-PL\",\"@id\":\"https:\/\/nck.krakow.pl\/kcc\/#\/schema\/person\/image\/\",\"url\":\"https:\/\/secure.gravatar.com\/avatar\/d8b615ee8b3cc2069ae663c5b89eec98?s=96&d=mm&r=g\",\"contentUrl\":\"https:\/\/secure.gravatar.com\/avatar\/d8b615ee8b3cc2069ae663c5b89eec98?s=96&d=mm&r=g\",\"caption\":\"KCC\"},\"url\":\"https:\/\/nck.krakow.pl\/kcc\/blog\/author\/atarczydlo\/\"}]}<\/script>\n<!-- \/ Yoast SEO plugin. -->","yoast_head_json":{"title":"Premiera ksi\u0105\u017cki PUSH: IT WILL COME LATER - Krakowskie Centrum Choreograficzne","robots":{"index":"index","follow":"follow","max-snippet":"max-snippet:-1","max-image-preview":"max-image-preview:large","max-video-preview":"max-video-preview:-1"},"canonical":"https:\/\/nck.krakow.pl\/kcc\/blog\/premiera-ksiazki-push-it-will-come-later\/","og_locale":"pl_PL","og_type":"article","og_title":"Premiera ksi\u0105\u017cki PUSH: IT WILL COME LATER","og_description":"18 uczestnik\u00f3w i obserwator\u00f3w projektu International Contemporary Dance Collective 2018-2020","og_url":"https:\/\/nck.krakow.pl\/kcc\/blog\/premiera-ksiazki-push-it-will-come-later\/","og_site_name":"Krakowskie Centrum Choreograficzne","article_published_time":"2020-06-19T11:55:38+00:00","article_modified_time":"2020-06-19T11:55:41+00:00","og_image":[{"width":960,"height":439,"url":"https:\/\/nck.krakow.pl\/kcc\/wp-content\/uploads\/2020\/06\/icodaco-book.png","type":"image\/png"}],"author":"KCC","twitter_card":"summary_large_image","twitter_misc":{"Written by":"KCC","Est. reading time":"3 minuty"},"schema":{"@context":"https:\/\/schema.org","@graph":[{"@type":"Article","@id":"https:\/\/nck.krakow.pl\/kcc\/blog\/premiera-ksiazki-push-it-will-come-later\/#article","isPartOf":{"@id":"https:\/\/nck.krakow.pl\/kcc\/blog\/premiera-ksiazki-push-it-will-come-later\/"},"author":{"name":"KCC","@id":"https:\/\/nck.krakow.pl\/kcc\/#\/schema\/person\/09a344327ebc9be52fb6b2a85b949124"},"headline":"Premiera ksi\u0105\u017cki PUSH: IT WILL COME LATER","datePublished":"2020-06-19T11:55:38+00:00","dateModified":"2020-06-19T11:55:41+00:00","mainEntityOfPage":{"@id":"https:\/\/nck.krakow.pl\/kcc\/blog\/premiera-ksiazki-push-it-will-come-later\/"},"wordCount":657,"publisher":{"@id":"https:\/\/nck.krakow.pl\/kcc\/#organization"},"articleSection":["Uncategorized"],"inLanguage":"pl-PL"},{"@type":"WebPage","@id":"https:\/\/nck.krakow.pl\/kcc\/blog\/premiera-ksiazki-push-it-will-come-later\/","url":"https:\/\/nck.krakow.pl\/kcc\/blog\/premiera-ksiazki-push-it-will-come-later\/","name":"Premiera ksi\u0105\u017cki PUSH: IT WILL COME LATER - Krakowskie Centrum Choreograficzne","isPartOf":{"@id":"https:\/\/nck.krakow.pl\/kcc\/#website"},"datePublished":"2020-06-19T11:55:38+00:00","dateModified":"2020-06-19T11:55:41+00:00","breadcrumb":{"@id":"https:\/\/nck.krakow.pl\/kcc\/blog\/premiera-ksiazki-push-it-will-come-later\/#breadcrumb"},"inLanguage":"pl-PL","potentialAction":[{"@type":"ReadAction","target":["https:\/\/nck.krakow.pl\/kcc\/blog\/premiera-ksiazki-push-it-will-come-later\/"]}]},{"@type":"BreadcrumbList","@id":"https:\/\/nck.krakow.pl\/kcc\/blog\/premiera-ksiazki-push-it-will-come-later\/#breadcrumb","itemListElement":[{"@type":"ListItem","position":1,"name":"Strona g\u0142\u00f3wna","item":"https:\/\/nck.krakow.pl\/kcc\/"},{"@type":"ListItem","position":2,"name":"Premiera ksi\u0105\u017cki PUSH: IT WILL COME LATER"}]},{"@type":"WebSite","@id":"https:\/\/nck.krakow.pl\/kcc\/#website","url":"https:\/\/nck.krakow.pl\/kcc\/","name":"Krakowskie Centrum Choreograficzne","description":"","publisher":{"@id":"https:\/\/nck.krakow.pl\/kcc\/#organization"},"potentialAction":[{"@type":"SearchAction","target":{"@type":"EntryPoint","urlTemplate":"https:\/\/nck.krakow.pl\/kcc\/?s={search_term_string}"},"query-input":"required name=search_term_string"}],"inLanguage":"pl-PL"},{"@type":"Organization","@id":"https:\/\/nck.krakow.pl\/kcc\/#organization","name":"Krakowskie Centrum Choreograficzne","url":"https:\/\/nck.krakow.pl\/kcc\/","logo":{"@type":"ImageObject","inLanguage":"pl-PL","@id":"https:\/\/nck.krakow.pl\/kcc\/#\/schema\/logo\/image\/","url":"https:\/\/nck.krakow.pl\/kcc\/wp-content\/uploads\/2020\/01\/cropped-logo-kcc-2020.png","contentUrl":"https:\/\/nck.krakow.pl\/kcc\/wp-content\/uploads\/2020\/01\/cropped-logo-kcc-2020.png","width":116,"height":55,"caption":"Krakowskie Centrum Choreograficzne"},"image":{"@id":"https:\/\/nck.krakow.pl\/kcc\/#\/schema\/logo\/image\/"}},{"@type":"Person","@id":"https:\/\/nck.krakow.pl\/kcc\/#\/schema\/person\/09a344327ebc9be52fb6b2a85b949124","name":"KCC","image":{"@type":"ImageObject","inLanguage":"pl-PL","@id":"https:\/\/nck.krakow.pl\/kcc\/#\/schema\/person\/image\/","url":"https:\/\/secure.gravatar.com\/avatar\/d8b615ee8b3cc2069ae663c5b89eec98?s=96&d=mm&r=g","contentUrl":"https:\/\/secure.gravatar.com\/avatar\/d8b615ee8b3cc2069ae663c5b89eec98?s=96&d=mm&r=g","caption":"KCC"},"url":"https:\/\/nck.krakow.pl\/kcc\/blog\/author\/atarczydlo\/"}]}},"_links":{"self":[{"href":"https:\/\/nck.krakow.pl\/kcc\/wp-json\/wp\/v2\/posts\/4645"}],"collection":[{"href":"https:\/\/nck.krakow.pl\/kcc\/wp-json\/wp\/v2\/posts"}],"about":[{"href":"https:\/\/nck.krakow.pl\/kcc\/wp-json\/wp\/v2\/types\/post"}],"author":[{"embeddable":true,"href":"https:\/\/nck.krakow.pl\/kcc\/wp-json\/wp\/v2\/users\/5"}],"replies":[{"embeddable":true,"href":"https:\/\/nck.krakow.pl\/kcc\/wp-json\/wp\/v2\/comments?post=4645"}],"version-history":[{"count":1,"href":"https:\/\/nck.krakow.pl\/kcc\/wp-json\/wp\/v2\/posts\/4645\/revisions"}],"predecessor-version":[{"id":4648,"href":"https:\/\/nck.krakow.pl\/kcc\/wp-json\/wp\/v2\/posts\/4645\/revisions\/4648"}],"wp:featuredmedia":[{"embeddable":true,"href":"https:\/\/nck.krakow.pl\/kcc\/wp-json\/wp\/v2\/media\/4646"}],"wp:attachment":[{"href":"https:\/\/nck.krakow.pl\/kcc\/wp-json\/wp\/v2\/media?parent=4645"}],"wp:term":[{"taxonomy":"category","embeddable":true,"href":"https:\/\/nck.krakow.pl\/kcc\/wp-json\/wp\/v2\/categories?post=4645"},{"taxonomy":"post_tag","embeddable":true,"href":"https:\/\/nck.krakow.pl\/kcc\/wp-json\/wp\/v2\/tags?post=4645"}],"curies":[{"name":"wp","href":"https:\/\/api.w.org\/{rel}","templated":true}]}}