{"id":2038,"date":"2014-11-12T14:01:38","date_gmt":"2014-11-12T14:01:38","guid":{"rendered":"http:\/\/nck.krakow.pl\/kcc\/?p=2038"},"modified":"2017-05-16T14:04:23","modified_gmt":"2017-05-16T14:04:23","slug":"balletofffestival-prologue","status":"publish","type":"post","link":"https:\/\/nck.krakow.pl\/kcc\/blog\/balletofffestival-prologue\/","title":{"rendered":"BalletOFFFestival prologue!"},"content":{"rendered":"<h1><img loading=\"lazy\" decoding=\"async\" class=\"alignnone  wp-image-2039\" src=\"http:\/\/nck.krakow.pl\/kcc\/wp-content\/uploads\/2017\/05\/7847685b36be1a043b25e76a68ec614e-300x111.jpg\" alt=\"\" width=\"714\" height=\"264\" srcset=\"https:\/\/nck.krakow.pl\/kcc\/wp-content\/uploads\/2017\/05\/7847685b36be1a043b25e76a68ec614e-300x111.jpg 300w, https:\/\/nck.krakow.pl\/kcc\/wp-content\/uploads\/2017\/05\/7847685b36be1a043b25e76a68ec614e-768x284.jpg 768w, https:\/\/nck.krakow.pl\/kcc\/wp-content\/uploads\/2017\/05\/7847685b36be1a043b25e76a68ec614e-1024x379.jpg 1024w, https:\/\/nck.krakow.pl\/kcc\/wp-content\/uploads\/2017\/05\/7847685b36be1a043b25e76a68ec614e.jpg 1772w\" sizes=\"(max-width: 714px) 100vw, 714px\" \/><\/h1>\n<h1>BalletOFFFestival prologue!<\/h1>\n<div class=\"cont\">\n<p>Krakowskie Centrum Choreograficzne zaprasza na prolog festiwalu tanecznego BalletOFFFestival!<\/p>\n<p><strong>PROGRAM BalletOFFFestival prologue<\/strong><\/p>\n<p><strong>14 listopada (pi\u0105tek) KRAK\u00d3W<\/strong><br \/>\n19.15 Homo religiosus, chor. Karol Mi\u0119kina PREMIERA\/ sala teatralna NCK<\/p>\n<p><strong>15 listopada (sobota) POLSKA<\/strong><br \/>\n17.00 JETZT\/TERAZ, Little: interference PREMIERA\/ Studio KCC<br \/>\n19.15 JETZT\/TERAZ, Little: interference\/ Studio KCC<\/p>\n<p><strong>16 listopada (niedziela) \u015aWIAT<\/strong><br \/>\n19.15 FROM SIDE OF A MAN, FROM SIDE OF A WOMAN, Divadlo \u0160t\u00fadio tanca\/ \u0160t\u00fadio tanca dance theatre, chor. Jozef Frucek\/ sala teatralna NCK<\/p>\n<p><strong>wydarzenia towarzysz\u0105ce:<\/strong><\/p>\n<p><strong>15 listopada (sobota)<\/strong><br \/>\nwarsztaty taneczne z Krakowskim Teatrem Ta\u0144ca<br \/>\n18.00 MIMOS, Art Color Ballet PREMIERA\/ sala teatralna NCK<\/p>\n<p><strong>16 listopada (niedziela)<\/strong><br \/>\n17.00 uroczyste otwarcie nowego Studia Krakowskiego Centrum Choreograficznego<br \/>\nPoliamoria, Krakowski Teatr Ta\u0144ca<\/p>\n<p><a href=\"http:\/\/www.adm.grades.com.pl\/upload\/kcc\/balletofffestival\/balletofffestival_folder_internet.pdf\">PE\u0141EN PROGRAM FESTIWALU<\/a><br \/>\nBalletOFFFestival prologue<br \/>\n14-16 listopada 2014, Krakowskie Centrum Choreograficzne \u2013 Nowohuckie Centrum Kultury<br \/>\nAl. Jana Paw\u0142a II 232<\/p>\n<p dir=\"ltr\">bilety: ulgowy 20 z\u0142\/ normalny 30 z\u0142<\/p>\n<p><strong>rezerwacje:<\/strong><br \/>\ntel. 12 644 02 66 wew. 55<br \/>\ne-mail: rezerwacja@nck.krakow.pl<\/p>\n<p><strong>BalletOFFFestival<\/strong> to nowa propozycja Krakowskiego Centrum Choreograficznego. Festiwal powsta\u0142 w miejsce Krakowskich Spotka\u0144 BaletOFFowych, kt\u00f3re od 1991 roku prezentowa\u0142y i promowa\u0142y w Krakowie sztuk\u0119 ta\u0144ca. W zesz\u0142ym roku Festiwal odby\u0142 si\u0119 po raz ostatni. Dotychczasowym organizatorem wydarzenia by\u0142 Dzia\u0142 Animacji Kultury obecnie: Impresariat Nowohuckiego Centrum Kultury.<\/p>\n<p>W ramach Krakowskich Spotka\u0144 BaletOFFowych prezentowane by\u0142y prace krakowskich, polskich oraz zagranicznych artyst\u00f3w, zar\u00f3wno tw\u00f3rc\u00f3w profesjonalnych, jak i uzdolnionych m\u0142odych tw\u00f3rc\u00f3w &#8211; amator\u00f3w. Festiwal przez 22 edycje ewoluowa\u0142 w swoim rysie programowym od prezentacji sztuki baletowej (Krakowskie Spotkania Baletowe) po przedstawianie wsp\u00f3\u0142czesnych form ta\u0144ca\u00a0 &#8211; co zaowocowa\u0142o zmian\u0105 nazwy na Krakowskie Spotkania BaletOFFowe.<\/p>\n<p>Ze wzgl\u0119du na dynamicznie zmieniaj\u0105c\u0105 si\u0119 rzeczywisto\u015b\u0107 oraz nowe potrzeby rynku sztuki wsp\u00f3\u0142czesnej proponowana dot\u0105d formu\u0142a Festiwalu wyczerpa\u0142a si\u0119.\u00a0 W miejsce dotychczasowych Spotka\u0144 powsta\u0142a inicjatywa wpisana w zupe\u0142nie now\u0105 form\u0119, odpowiadaj\u0105c\u0105 potrzebom wsp\u00f3\u0142czesnych artyst\u00f3w i widz\u00f3w.<\/p>\n<p>Organizatorem nowego Festiwalu jest Krakowskie Centrum Choreograficzne, kt\u00f3re powsta\u0142o w styczniu 2014 roku, jako rozwini\u0119cie wizji artystycznej i organizacyjnej Krakowskiego Teatru Ta\u0144ca oraz jego tw\u00f3rcy, Eryka Makohona, dzia\u0142aj\u0105cych w Nowohuckim Centrum Kultury od wielu lat.<\/p>\n<p>Nowy Festiwal z du\u017c\u0105 konsekwencj\u0105 realizowa\u0107 b\u0119dzie ide\u0119 zawarta w tytu\u0142owej formule \u201eBalletOFFF\u201d &#8211;\u00a0 w g\u0142\u00f3wnym nurcie Festiwalu znajd\u0105 si\u0119 propozycje wykraczaj\u0105ce poza klasyczny wizerunek ta\u0144ca, eksploruj\u0105ce nowe my\u015blenie o kompozycji, formie i estetyce.<\/p>\n<p>BalletOFFFestival to festiwal rezydencyjny, kt\u00f3ry stymulowa\u0107 b\u0119dzie artystyczny proces tw\u00f3rczy. Wybrane realizacje projektowe otrzymaj\u0105 od Krakowskiego Centrum Choreograficznego wsparcie w realizacji spektaklu\/wydarzenia\/dzia\u0142ania z zakresu\u00a0 szeroko rozumianego ta\u0144ca wsp\u00f3\u0142czesnego i teatru ta\u0144ca. Proces \u00a0obejmie kilkutygodniow\u0105 rezydencj\u0119 , w ramach kt\u00f3rej wy\u0142onieni arty\u015bci pracowa\u0107 b\u0119d\u0105 w dialogu z mentorem. Opiekunami poszczeg\u00f3lnych rezydencji b\u0119d\u0105 zaproszone do wsp\u00f3\u0142pracy autorytety artystyczne z Polski i ze \u015bwiata.<\/p>\n<p>Kulminacj\u0119 Festiwalu stanowi\u0107 b\u0119dzie prezentacja powsta\u0142ych w wyniku procesu spektakli oraz wydarze\u0144 towarzysz\u0105cych.<\/p>\n<p>Istotnym elementem nowej formu\u0142y Festiwalu jest konfrontacja my\u015bli choreograficznej, reprezentuj\u0105cej trzy zawieraj\u0105ce si\u0119 w sobie obszary: Krak\u00f3w \u2013 Polska \u2013 \u015awiat. To w\u0142a\u015bnie konfrontacja i wymiana do\u015bwiadcze\u0144 artyst\u00f3w, \u00a0reprezentuj\u0105cych te obszary , wynikaj\u0105ca z tego synergia oraz mo\u017cliwo\u015b\u0107 jej obserwacji przez widowni\u0119 budowa\u0107 b\u0119dzie dodatkow\u0105 warto\u015b\u0107 BalletOFFFestival.<\/p>\n<p>Festiwal to kolejny wa\u017cny element misji Krakowskiego Centrum Choreograficznego, obejmuj\u0105cej stymulacj\u0119 i wspieranie sztuki choreograficznej oraz stwarzanie warunk\u00f3w do procesowej pracy badawczej\/poszukuj\u0105cej\u00a0 w zakresie sztuki choreograficznej.<\/p>\n<p>KCC poprzez Festiwal stwarza warunki do tw\u00f3rczej konfrontacji choreografa i mentora. Udost\u0119pnia przestrze\u0144 do pracy studyjnej, oferuje pomoc w realizacji spektaklu oraz promocji premiery.<\/p>\n<p>Kuratorem BalletOFFFestival jest Eryk Makohon.<\/p>\n<p>W ramach tegorocznego prologu, kt\u00f3ry odb\u0119dzie sie w dniach\u00a0<strong>14-16 listopada 2014<\/strong>\u00a0powstan\u0105 dwa autorskie spektakle taneczne, reprezentuj\u0105ce Krak\u00f3w i Polsk\u0119 (spektakl Karola Mi\u0119kiny, stypendysty programu M\u0142oda Polska oraz spektakl polsko\u2013niemieckiego kolektywu \u201eLittle: interference\u201d). Na koniec BalletOFFFestival sw\u00f3j spektakl zaprezentuje grupa ze S\u0142owacji \u0160T\u00daDIO TANCA DANCE THEATRE w chor. Jozefa Frucka.<\/p>\n<p>Dodatkowym wydarzeniem Festiwalu b\u0119dzie premiera Art Color Balet oraz spektakl Krakowskiego Teatru Ta\u0144ca \u201ePoliamoria\u201d, kt\u00f3ry zainauguruje dzia\u0142alno\u015b\u0107 nowego studia tanecznego Krakowskiego Centrum Choreograficznego.<\/p>\n<\/div>\n","protected":false},"excerpt":{"rendered":"<p>BalletOFFFestival prologue! Krakowskie Centrum Choreograficzne zaprasza na prolog festiwalu tanecznego BalletOFFFestival! PROGRAM BalletOFFFestival prologue 14 listopada (pi\u0105tek) KRAK\u00d3W 19.15 Homo religiosus, chor. Karol Mi\u0119kina PREMIERA\/ sala teatralna NCK 15 listopada (sobota) POLSKA 17.00 JETZT\/TERAZ, Little: interference PREMIERA\/ Studio KCC 19.15 JETZT\/TERAZ, Little: interference\/ Studio KCC 16 listopada (niedziela) \u015aWIAT 19.15 FROM SIDE OF A MAN, [&hellip;]<\/p>\n","protected":false},"author":5,"featured_media":2039,"comment_status":"closed","ping_status":"open","sticky":false,"template":"","format":"standard","meta":{"footnotes":""},"categories":[1],"tags":[],"class_list":["post-2038","post","type-post","status-publish","format-standard","has-post-thumbnail","hentry","category-uncategorized"],"yoast_head":"<!-- This site is optimized with the Yoast SEO plugin v19.12 - https:\/\/yoast.com\/wordpress\/plugins\/seo\/ -->\n<title>BalletOFFFestival prologue! - Krakowskie Centrum Choreograficzne<\/title>\n<meta name=\"robots\" content=\"index, follow, max-snippet:-1, max-image-preview:large, max-video-preview:-1\" \/>\n<link rel=\"canonical\" href=\"https:\/\/nck.krakow.pl\/kcc\/blog\/balletofffestival-prologue\/\" \/>\n<meta property=\"og:locale\" content=\"pl_PL\" \/>\n<meta property=\"og:type\" content=\"article\" \/>\n<meta property=\"og:title\" content=\"BalletOFFFestival prologue!\" \/>\n<meta property=\"og:description\" content=\"Krakowskie Centrum Choreograficzne zaprasza na prolog festiwalu tanecznego BalletOFFFestival!\" \/>\n<meta property=\"og:url\" content=\"https:\/\/nck.krakow.pl\/kcc\/blog\/balletofffestival-prologue\/\" \/>\n<meta property=\"og:site_name\" content=\"Krakowskie Centrum Choreograficzne\" \/>\n<meta property=\"article:published_time\" content=\"2014-11-12T14:01:38+00:00\" \/>\n<meta property=\"article:modified_time\" content=\"2017-05-16T14:04:23+00:00\" \/>\n<meta property=\"og:image\" content=\"https:\/\/nck.krakow.pl\/kcc\/wp-content\/uploads\/2017\/05\/7847685b36be1a043b25e76a68ec614e.jpg\" \/>\n\t<meta property=\"og:image:width\" content=\"1772\" \/>\n\t<meta property=\"og:image:height\" content=\"656\" \/>\n\t<meta property=\"og:image:type\" content=\"image\/jpeg\" \/>\n<meta name=\"author\" content=\"KCC\" \/>\n<meta name=\"twitter:card\" content=\"summary_large_image\" \/>\n<meta name=\"twitter:label1\" content=\"Written by\" \/>\n\t<meta name=\"twitter:data1\" content=\"KCC\" \/>\n\t<meta name=\"twitter:label2\" content=\"Est. reading time\" \/>\n\t<meta name=\"twitter:data2\" content=\"3 minuty\" \/>\n<script type=\"application\/ld+json\" class=\"yoast-schema-graph\">{\"@context\":\"https:\/\/schema.org\",\"@graph\":[{\"@type\":\"Article\",\"@id\":\"https:\/\/nck.krakow.pl\/kcc\/blog\/balletofffestival-prologue\/#article\",\"isPartOf\":{\"@id\":\"https:\/\/nck.krakow.pl\/kcc\/blog\/balletofffestival-prologue\/\"},\"author\":{\"name\":\"KCC\",\"@id\":\"https:\/\/nck.krakow.pl\/kcc\/#\/schema\/person\/09a344327ebc9be52fb6b2a85b949124\"},\"headline\":\"BalletOFFFestival prologue!\",\"datePublished\":\"2014-11-12T14:01:38+00:00\",\"dateModified\":\"2017-05-16T14:04:23+00:00\",\"mainEntityOfPage\":{\"@id\":\"https:\/\/nck.krakow.pl\/kcc\/blog\/balletofffestival-prologue\/\"},\"wordCount\":683,\"publisher\":{\"@id\":\"https:\/\/nck.krakow.pl\/kcc\/#organization\"},\"articleSection\":[\"Uncategorized\"],\"inLanguage\":\"pl-PL\"},{\"@type\":\"WebPage\",\"@id\":\"https:\/\/nck.krakow.pl\/kcc\/blog\/balletofffestival-prologue\/\",\"url\":\"https:\/\/nck.krakow.pl\/kcc\/blog\/balletofffestival-prologue\/\",\"name\":\"BalletOFFFestival prologue! - Krakowskie Centrum Choreograficzne\",\"isPartOf\":{\"@id\":\"https:\/\/nck.krakow.pl\/kcc\/#website\"},\"datePublished\":\"2014-11-12T14:01:38+00:00\",\"dateModified\":\"2017-05-16T14:04:23+00:00\",\"breadcrumb\":{\"@id\":\"https:\/\/nck.krakow.pl\/kcc\/blog\/balletofffestival-prologue\/#breadcrumb\"},\"inLanguage\":\"pl-PL\",\"potentialAction\":[{\"@type\":\"ReadAction\",\"target\":[\"https:\/\/nck.krakow.pl\/kcc\/blog\/balletofffestival-prologue\/\"]}]},{\"@type\":\"BreadcrumbList\",\"@id\":\"https:\/\/nck.krakow.pl\/kcc\/blog\/balletofffestival-prologue\/#breadcrumb\",\"itemListElement\":[{\"@type\":\"ListItem\",\"position\":1,\"name\":\"Strona g\u0142\u00f3wna\",\"item\":\"https:\/\/nck.krakow.pl\/kcc\/\"},{\"@type\":\"ListItem\",\"position\":2,\"name\":\"BalletOFFFestival prologue!\"}]},{\"@type\":\"WebSite\",\"@id\":\"https:\/\/nck.krakow.pl\/kcc\/#website\",\"url\":\"https:\/\/nck.krakow.pl\/kcc\/\",\"name\":\"Krakowskie Centrum Choreograficzne\",\"description\":\"\",\"publisher\":{\"@id\":\"https:\/\/nck.krakow.pl\/kcc\/#organization\"},\"potentialAction\":[{\"@type\":\"SearchAction\",\"target\":{\"@type\":\"EntryPoint\",\"urlTemplate\":\"https:\/\/nck.krakow.pl\/kcc\/?s={search_term_string}\"},\"query-input\":\"required name=search_term_string\"}],\"inLanguage\":\"pl-PL\"},{\"@type\":\"Organization\",\"@id\":\"https:\/\/nck.krakow.pl\/kcc\/#organization\",\"name\":\"Krakowskie Centrum Choreograficzne\",\"url\":\"https:\/\/nck.krakow.pl\/kcc\/\",\"logo\":{\"@type\":\"ImageObject\",\"inLanguage\":\"pl-PL\",\"@id\":\"https:\/\/nck.krakow.pl\/kcc\/#\/schema\/logo\/image\/\",\"url\":\"https:\/\/nck.krakow.pl\/kcc\/wp-content\/uploads\/2020\/01\/cropped-logo-kcc-2020.png\",\"contentUrl\":\"https:\/\/nck.krakow.pl\/kcc\/wp-content\/uploads\/2020\/01\/cropped-logo-kcc-2020.png\",\"width\":116,\"height\":55,\"caption\":\"Krakowskie Centrum Choreograficzne\"},\"image\":{\"@id\":\"https:\/\/nck.krakow.pl\/kcc\/#\/schema\/logo\/image\/\"}},{\"@type\":\"Person\",\"@id\":\"https:\/\/nck.krakow.pl\/kcc\/#\/schema\/person\/09a344327ebc9be52fb6b2a85b949124\",\"name\":\"KCC\",\"image\":{\"@type\":\"ImageObject\",\"inLanguage\":\"pl-PL\",\"@id\":\"https:\/\/nck.krakow.pl\/kcc\/#\/schema\/person\/image\/\",\"url\":\"https:\/\/secure.gravatar.com\/avatar\/d8b615ee8b3cc2069ae663c5b89eec98?s=96&d=mm&r=g\",\"contentUrl\":\"https:\/\/secure.gravatar.com\/avatar\/d8b615ee8b3cc2069ae663c5b89eec98?s=96&d=mm&r=g\",\"caption\":\"KCC\"},\"url\":\"https:\/\/nck.krakow.pl\/kcc\/blog\/author\/atarczydlo\/\"}]}<\/script>\n<!-- \/ Yoast SEO plugin. -->","yoast_head_json":{"title":"BalletOFFFestival prologue! - Krakowskie Centrum Choreograficzne","robots":{"index":"index","follow":"follow","max-snippet":"max-snippet:-1","max-image-preview":"max-image-preview:large","max-video-preview":"max-video-preview:-1"},"canonical":"https:\/\/nck.krakow.pl\/kcc\/blog\/balletofffestival-prologue\/","og_locale":"pl_PL","og_type":"article","og_title":"BalletOFFFestival prologue!","og_description":"Krakowskie Centrum Choreograficzne zaprasza na prolog festiwalu tanecznego BalletOFFFestival!","og_url":"https:\/\/nck.krakow.pl\/kcc\/blog\/balletofffestival-prologue\/","og_site_name":"Krakowskie Centrum Choreograficzne","article_published_time":"2014-11-12T14:01:38+00:00","article_modified_time":"2017-05-16T14:04:23+00:00","og_image":[{"width":1772,"height":656,"url":"https:\/\/nck.krakow.pl\/kcc\/wp-content\/uploads\/2017\/05\/7847685b36be1a043b25e76a68ec614e.jpg","type":"image\/jpeg"}],"author":"KCC","twitter_card":"summary_large_image","twitter_misc":{"Written by":"KCC","Est. reading time":"3 minuty"},"schema":{"@context":"https:\/\/schema.org","@graph":[{"@type":"Article","@id":"https:\/\/nck.krakow.pl\/kcc\/blog\/balletofffestival-prologue\/#article","isPartOf":{"@id":"https:\/\/nck.krakow.pl\/kcc\/blog\/balletofffestival-prologue\/"},"author":{"name":"KCC","@id":"https:\/\/nck.krakow.pl\/kcc\/#\/schema\/person\/09a344327ebc9be52fb6b2a85b949124"},"headline":"BalletOFFFestival prologue!","datePublished":"2014-11-12T14:01:38+00:00","dateModified":"2017-05-16T14:04:23+00:00","mainEntityOfPage":{"@id":"https:\/\/nck.krakow.pl\/kcc\/blog\/balletofffestival-prologue\/"},"wordCount":683,"publisher":{"@id":"https:\/\/nck.krakow.pl\/kcc\/#organization"},"articleSection":["Uncategorized"],"inLanguage":"pl-PL"},{"@type":"WebPage","@id":"https:\/\/nck.krakow.pl\/kcc\/blog\/balletofffestival-prologue\/","url":"https:\/\/nck.krakow.pl\/kcc\/blog\/balletofffestival-prologue\/","name":"BalletOFFFestival prologue! - Krakowskie Centrum Choreograficzne","isPartOf":{"@id":"https:\/\/nck.krakow.pl\/kcc\/#website"},"datePublished":"2014-11-12T14:01:38+00:00","dateModified":"2017-05-16T14:04:23+00:00","breadcrumb":{"@id":"https:\/\/nck.krakow.pl\/kcc\/blog\/balletofffestival-prologue\/#breadcrumb"},"inLanguage":"pl-PL","potentialAction":[{"@type":"ReadAction","target":["https:\/\/nck.krakow.pl\/kcc\/blog\/balletofffestival-prologue\/"]}]},{"@type":"BreadcrumbList","@id":"https:\/\/nck.krakow.pl\/kcc\/blog\/balletofffestival-prologue\/#breadcrumb","itemListElement":[{"@type":"ListItem","position":1,"name":"Strona g\u0142\u00f3wna","item":"https:\/\/nck.krakow.pl\/kcc\/"},{"@type":"ListItem","position":2,"name":"BalletOFFFestival prologue!"}]},{"@type":"WebSite","@id":"https:\/\/nck.krakow.pl\/kcc\/#website","url":"https:\/\/nck.krakow.pl\/kcc\/","name":"Krakowskie Centrum Choreograficzne","description":"","publisher":{"@id":"https:\/\/nck.krakow.pl\/kcc\/#organization"},"potentialAction":[{"@type":"SearchAction","target":{"@type":"EntryPoint","urlTemplate":"https:\/\/nck.krakow.pl\/kcc\/?s={search_term_string}"},"query-input":"required name=search_term_string"}],"inLanguage":"pl-PL"},{"@type":"Organization","@id":"https:\/\/nck.krakow.pl\/kcc\/#organization","name":"Krakowskie Centrum Choreograficzne","url":"https:\/\/nck.krakow.pl\/kcc\/","logo":{"@type":"ImageObject","inLanguage":"pl-PL","@id":"https:\/\/nck.krakow.pl\/kcc\/#\/schema\/logo\/image\/","url":"https:\/\/nck.krakow.pl\/kcc\/wp-content\/uploads\/2020\/01\/cropped-logo-kcc-2020.png","contentUrl":"https:\/\/nck.krakow.pl\/kcc\/wp-content\/uploads\/2020\/01\/cropped-logo-kcc-2020.png","width":116,"height":55,"caption":"Krakowskie Centrum Choreograficzne"},"image":{"@id":"https:\/\/nck.krakow.pl\/kcc\/#\/schema\/logo\/image\/"}},{"@type":"Person","@id":"https:\/\/nck.krakow.pl\/kcc\/#\/schema\/person\/09a344327ebc9be52fb6b2a85b949124","name":"KCC","image":{"@type":"ImageObject","inLanguage":"pl-PL","@id":"https:\/\/nck.krakow.pl\/kcc\/#\/schema\/person\/image\/","url":"https:\/\/secure.gravatar.com\/avatar\/d8b615ee8b3cc2069ae663c5b89eec98?s=96&d=mm&r=g","contentUrl":"https:\/\/secure.gravatar.com\/avatar\/d8b615ee8b3cc2069ae663c5b89eec98?s=96&d=mm&r=g","caption":"KCC"},"url":"https:\/\/nck.krakow.pl\/kcc\/blog\/author\/atarczydlo\/"}]}},"_links":{"self":[{"href":"https:\/\/nck.krakow.pl\/kcc\/wp-json\/wp\/v2\/posts\/2038"}],"collection":[{"href":"https:\/\/nck.krakow.pl\/kcc\/wp-json\/wp\/v2\/posts"}],"about":[{"href":"https:\/\/nck.krakow.pl\/kcc\/wp-json\/wp\/v2\/types\/post"}],"author":[{"embeddable":true,"href":"https:\/\/nck.krakow.pl\/kcc\/wp-json\/wp\/v2\/users\/5"}],"replies":[{"embeddable":true,"href":"https:\/\/nck.krakow.pl\/kcc\/wp-json\/wp\/v2\/comments?post=2038"}],"version-history":[{"count":1,"href":"https:\/\/nck.krakow.pl\/kcc\/wp-json\/wp\/v2\/posts\/2038\/revisions"}],"predecessor-version":[{"id":2040,"href":"https:\/\/nck.krakow.pl\/kcc\/wp-json\/wp\/v2\/posts\/2038\/revisions\/2040"}],"wp:featuredmedia":[{"embeddable":true,"href":"https:\/\/nck.krakow.pl\/kcc\/wp-json\/wp\/v2\/media\/2039"}],"wp:attachment":[{"href":"https:\/\/nck.krakow.pl\/kcc\/wp-json\/wp\/v2\/media?parent=2038"}],"wp:term":[{"taxonomy":"category","embeddable":true,"href":"https:\/\/nck.krakow.pl\/kcc\/wp-json\/wp\/v2\/categories?post=2038"},{"taxonomy":"post_tag","embeddable":true,"href":"https:\/\/nck.krakow.pl\/kcc\/wp-json\/wp\/v2\/tags?post=2038"}],"curies":[{"name":"wp","href":"https:\/\/api.w.org\/{rel}","templated":true}]}}