{"id":2034,"date":"2014-11-02T13:58:14","date_gmt":"2014-11-02T13:58:14","guid":{"rendered":"http:\/\/nck.krakow.pl\/kcc\/?p=2034"},"modified":"2017-05-16T14:01:03","modified_gmt":"2017-05-16T14:01:03","slug":"warsztaty-ramach-balletofffestival","status":"publish","type":"post","link":"https:\/\/nck.krakow.pl\/kcc\/blog\/warsztaty-ramach-balletofffestival\/","title":{"rendered":"Warsztaty w ramach BalletOFFFestival"},"content":{"rendered":"<h1><img loading=\"lazy\" decoding=\"async\" class=\"alignnone  wp-image-2035\" src=\"http:\/\/nck.krakow.pl\/kcc\/wp-content\/uploads\/2017\/05\/d102f618a47bc5202d5cb29b01357fc8-300x200.jpg\" alt=\"\" width=\"689\" height=\"459\" srcset=\"https:\/\/nck.krakow.pl\/kcc\/wp-content\/uploads\/2017\/05\/d102f618a47bc5202d5cb29b01357fc8-300x200.jpg 300w, https:\/\/nck.krakow.pl\/kcc\/wp-content\/uploads\/2017\/05\/d102f618a47bc5202d5cb29b01357fc8-768x512.jpg 768w, https:\/\/nck.krakow.pl\/kcc\/wp-content\/uploads\/2017\/05\/d102f618a47bc5202d5cb29b01357fc8.jpg 900w\" sizes=\"(max-width: 689px) 100vw, 689px\" \/><\/h1>\n<h1>Warsztaty w ramach BalletOFFFestival<\/h1>\n<div class=\"cont\">\n<p>Zapraszamy na warsztaty z tancerzami Krakowskiego Teatru Ta\u0144ca i kierownikiem zespo\u0142u Erykiem Makohonem organizowane w ramach BalletOFFFestival!<\/p>\n<p>termin: 15 listopada 2014 r.<\/p>\n<p>UWAGA! Z okazji nowego Festiwalu, og\u0142aszamy wyj\u0105tkowe ceny warsztat\u00f3w!<\/p>\n<p>koszt karnetu na wszystkie lekcje: 80 z\u0142<br \/>\nkoszt karnetu na dwie wybrane lekcje: 55 z\u0142<\/p>\n<p>dwie grupy zaawansowania:<br \/>\n&#8211; poziom 1 i 2 czyli tancerze pocz\u0105tkuj\u0105cy i \u015bredniozaawansowany<br \/>\n&#8211; poziom 3 i 4 czyli tancerze \u015bredniozaawansowany+ i zaawansowani<\/p>\n<p>zg\u0142oszenia: agata.syrek@nck.krakow.pl do 13 listopada !<\/p>\n<p><a href=\"http:\/\/www.adm.grades.com.pl\/upload\/kcc\/balletofffestival\/karta-zgoszenia-warsztaty-BalletOFFFestival.doc\">karta zg\u0142osze\u0144<\/a><\/p>\n<p><a href=\"http:\/\/www.adm.grades.com.pl\/upload\/kcc\/balletofffestival\/regulamin-warsztaty-BalletOFFFestival.pdf\">regulamin<\/a><\/p>\n<p>Zg\u0142aszaj\u0105cy proszeni s\u0105 o przes\u0142anie zapytania o wolne miejsca, a po otrzymaniu odpowiedzi od Organizatora, karty zg\u0142oszenia oraz potwierdzenia przelewu. W karcie zg\u0142oszenia nale\u017cy zadeklarowa\u0107 poziom zaawansowania tanecznego. Wszelkie potrzebne dane znajduj\u0105 si\u0119 w karcie zg\u0142oszenia, a szczeg\u00f3\u0142owe informacje organizacyjne w regulaminie- prosimy o zapoznanie si\u0119 z za\u0142\u0105cznikami!<\/p>\n<p>fot. K.Machniewicz<\/p>\n<p><img loading=\"lazy\" decoding=\"async\" class=\"alignnone  wp-image-2036\" src=\"http:\/\/nck.krakow.pl\/kcc\/wp-content\/uploads\/2017\/05\/grafik-balletofff-300x130.jpg\" alt=\"\" width=\"796\" height=\"345\" srcset=\"https:\/\/nck.krakow.pl\/kcc\/wp-content\/uploads\/2017\/05\/grafik-balletofff-300x130.jpg 300w, https:\/\/nck.krakow.pl\/kcc\/wp-content\/uploads\/2017\/05\/grafik-balletofff.jpg 683w\" sizes=\"(max-width: 796px) 100vw, 796px\" \/><\/p>\n<\/div>\n","protected":false},"excerpt":{"rendered":"<p>Warsztaty w ramach BalletOFFFestival Zapraszamy na warsztaty z tancerzami Krakowskiego Teatru Ta\u0144ca i kierownikiem zespo\u0142u Erykiem Makohonem organizowane w ramach BalletOFFFestival! termin: 15 listopada 2014 r. UWAGA! Z okazji nowego Festiwalu, og\u0142aszamy wyj\u0105tkowe ceny warsztat\u00f3w! koszt karnetu na wszystkie lekcje: 80 z\u0142 koszt karnetu na dwie wybrane lekcje: 55 z\u0142 dwie grupy zaawansowania: &#8211; poziom [&hellip;]<\/p>\n","protected":false},"author":5,"featured_media":2035,"comment_status":"closed","ping_status":"open","sticky":false,"template":"","format":"standard","meta":{"footnotes":""},"categories":[25],"tags":[],"class_list":["post-2034","post","type-post","status-publish","format-standard","has-post-thumbnail","hentry","category-warsztaty"],"yoast_head":"<!-- This site is optimized with the Yoast SEO plugin v19.12 - https:\/\/yoast.com\/wordpress\/plugins\/seo\/ -->\n<title>Warsztaty w ramach BalletOFFFestival - Krakowskie Centrum Choreograficzne<\/title>\n<meta name=\"robots\" content=\"index, follow, max-snippet:-1, max-image-preview:large, max-video-preview:-1\" \/>\n<link rel=\"canonical\" href=\"https:\/\/nck.krakow.pl\/kcc\/blog\/warsztaty-ramach-balletofffestival\/\" \/>\n<meta property=\"og:locale\" content=\"pl_PL\" \/>\n<meta property=\"og:type\" content=\"article\" \/>\n<meta property=\"og:title\" content=\"Warsztaty w ramach BalletOFFFestival\" \/>\n<meta property=\"og:description\" content=\"Zapraszamy na warsztaty z tancerzami Krakowskiego Teatru Ta\u0144ca i kierownikiem zespo\u0142u Erykiem Makohonem organizowane w ramach BalletOFFFestival!\" \/>\n<meta property=\"og:url\" content=\"https:\/\/nck.krakow.pl\/kcc\/blog\/warsztaty-ramach-balletofffestival\/\" \/>\n<meta property=\"og:site_name\" content=\"Krakowskie Centrum Choreograficzne\" \/>\n<meta property=\"article:published_time\" content=\"2014-11-02T13:58:14+00:00\" \/>\n<meta property=\"article:modified_time\" content=\"2017-05-16T14:01:03+00:00\" \/>\n<meta property=\"og:image\" content=\"https:\/\/nck.krakow.pl\/kcc\/wp-content\/uploads\/2017\/05\/d102f618a47bc5202d5cb29b01357fc8.jpg\" \/>\n\t<meta property=\"og:image:width\" content=\"900\" \/>\n\t<meta property=\"og:image:height\" content=\"600\" \/>\n\t<meta property=\"og:image:type\" content=\"image\/jpeg\" \/>\n<meta name=\"author\" content=\"KCC\" \/>\n<meta name=\"twitter:card\" content=\"summary_large_image\" \/>\n<meta name=\"twitter:label1\" content=\"Written by\" \/>\n\t<meta name=\"twitter:data1\" content=\"KCC\" \/>\n\t<meta name=\"twitter:label2\" content=\"Est. reading time\" \/>\n\t<meta name=\"twitter:data2\" content=\"1 minuta\" \/>\n<script type=\"application\/ld+json\" class=\"yoast-schema-graph\">{\"@context\":\"https:\/\/schema.org\",\"@graph\":[{\"@type\":\"Article\",\"@id\":\"https:\/\/nck.krakow.pl\/kcc\/blog\/warsztaty-ramach-balletofffestival\/#article\",\"isPartOf\":{\"@id\":\"https:\/\/nck.krakow.pl\/kcc\/blog\/warsztaty-ramach-balletofffestival\/\"},\"author\":{\"name\":\"KCC\",\"@id\":\"https:\/\/nck.krakow.pl\/kcc\/#\/schema\/person\/09a344327ebc9be52fb6b2a85b949124\"},\"headline\":\"Warsztaty w ramach BalletOFFFestival\",\"datePublished\":\"2014-11-02T13:58:14+00:00\",\"dateModified\":\"2017-05-16T14:01:03+00:00\",\"mainEntityOfPage\":{\"@id\":\"https:\/\/nck.krakow.pl\/kcc\/blog\/warsztaty-ramach-balletofffestival\/\"},\"wordCount\":149,\"publisher\":{\"@id\":\"https:\/\/nck.krakow.pl\/kcc\/#organization\"},\"articleSection\":[\"warsztaty\"],\"inLanguage\":\"pl-PL\"},{\"@type\":\"WebPage\",\"@id\":\"https:\/\/nck.krakow.pl\/kcc\/blog\/warsztaty-ramach-balletofffestival\/\",\"url\":\"https:\/\/nck.krakow.pl\/kcc\/blog\/warsztaty-ramach-balletofffestival\/\",\"name\":\"Warsztaty w ramach BalletOFFFestival - Krakowskie Centrum Choreograficzne\",\"isPartOf\":{\"@id\":\"https:\/\/nck.krakow.pl\/kcc\/#website\"},\"datePublished\":\"2014-11-02T13:58:14+00:00\",\"dateModified\":\"2017-05-16T14:01:03+00:00\",\"breadcrumb\":{\"@id\":\"https:\/\/nck.krakow.pl\/kcc\/blog\/warsztaty-ramach-balletofffestival\/#breadcrumb\"},\"inLanguage\":\"pl-PL\",\"potentialAction\":[{\"@type\":\"ReadAction\",\"target\":[\"https:\/\/nck.krakow.pl\/kcc\/blog\/warsztaty-ramach-balletofffestival\/\"]}]},{\"@type\":\"BreadcrumbList\",\"@id\":\"https:\/\/nck.krakow.pl\/kcc\/blog\/warsztaty-ramach-balletofffestival\/#breadcrumb\",\"itemListElement\":[{\"@type\":\"ListItem\",\"position\":1,\"name\":\"Strona g\u0142\u00f3wna\",\"item\":\"https:\/\/nck.krakow.pl\/kcc\/\"},{\"@type\":\"ListItem\",\"position\":2,\"name\":\"Warsztaty w ramach BalletOFFFestival\"}]},{\"@type\":\"WebSite\",\"@id\":\"https:\/\/nck.krakow.pl\/kcc\/#website\",\"url\":\"https:\/\/nck.krakow.pl\/kcc\/\",\"name\":\"Krakowskie Centrum Choreograficzne\",\"description\":\"\",\"publisher\":{\"@id\":\"https:\/\/nck.krakow.pl\/kcc\/#organization\"},\"potentialAction\":[{\"@type\":\"SearchAction\",\"target\":{\"@type\":\"EntryPoint\",\"urlTemplate\":\"https:\/\/nck.krakow.pl\/kcc\/?s={search_term_string}\"},\"query-input\":\"required name=search_term_string\"}],\"inLanguage\":\"pl-PL\"},{\"@type\":\"Organization\",\"@id\":\"https:\/\/nck.krakow.pl\/kcc\/#organization\",\"name\":\"Krakowskie Centrum Choreograficzne\",\"url\":\"https:\/\/nck.krakow.pl\/kcc\/\",\"logo\":{\"@type\":\"ImageObject\",\"inLanguage\":\"pl-PL\",\"@id\":\"https:\/\/nck.krakow.pl\/kcc\/#\/schema\/logo\/image\/\",\"url\":\"https:\/\/nck.krakow.pl\/kcc\/wp-content\/uploads\/2020\/01\/cropped-logo-kcc-2020.png\",\"contentUrl\":\"https:\/\/nck.krakow.pl\/kcc\/wp-content\/uploads\/2020\/01\/cropped-logo-kcc-2020.png\",\"width\":116,\"height\":55,\"caption\":\"Krakowskie Centrum Choreograficzne\"},\"image\":{\"@id\":\"https:\/\/nck.krakow.pl\/kcc\/#\/schema\/logo\/image\/\"}},{\"@type\":\"Person\",\"@id\":\"https:\/\/nck.krakow.pl\/kcc\/#\/schema\/person\/09a344327ebc9be52fb6b2a85b949124\",\"name\":\"KCC\",\"image\":{\"@type\":\"ImageObject\",\"inLanguage\":\"pl-PL\",\"@id\":\"https:\/\/nck.krakow.pl\/kcc\/#\/schema\/person\/image\/\",\"url\":\"https:\/\/secure.gravatar.com\/avatar\/d8b615ee8b3cc2069ae663c5b89eec98?s=96&d=mm&r=g\",\"contentUrl\":\"https:\/\/secure.gravatar.com\/avatar\/d8b615ee8b3cc2069ae663c5b89eec98?s=96&d=mm&r=g\",\"caption\":\"KCC\"},\"url\":\"https:\/\/nck.krakow.pl\/kcc\/blog\/author\/atarczydlo\/\"}]}<\/script>\n<!-- \/ Yoast SEO plugin. -->","yoast_head_json":{"title":"Warsztaty w ramach BalletOFFFestival - Krakowskie Centrum Choreograficzne","robots":{"index":"index","follow":"follow","max-snippet":"max-snippet:-1","max-image-preview":"max-image-preview:large","max-video-preview":"max-video-preview:-1"},"canonical":"https:\/\/nck.krakow.pl\/kcc\/blog\/warsztaty-ramach-balletofffestival\/","og_locale":"pl_PL","og_type":"article","og_title":"Warsztaty w ramach BalletOFFFestival","og_description":"Zapraszamy na warsztaty z tancerzami Krakowskiego Teatru Ta\u0144ca i kierownikiem zespo\u0142u Erykiem Makohonem organizowane w ramach BalletOFFFestival!","og_url":"https:\/\/nck.krakow.pl\/kcc\/blog\/warsztaty-ramach-balletofffestival\/","og_site_name":"Krakowskie Centrum Choreograficzne","article_published_time":"2014-11-02T13:58:14+00:00","article_modified_time":"2017-05-16T14:01:03+00:00","og_image":[{"width":900,"height":600,"url":"https:\/\/nck.krakow.pl\/kcc\/wp-content\/uploads\/2017\/05\/d102f618a47bc5202d5cb29b01357fc8.jpg","type":"image\/jpeg"}],"author":"KCC","twitter_card":"summary_large_image","twitter_misc":{"Written by":"KCC","Est. reading time":"1 minuta"},"schema":{"@context":"https:\/\/schema.org","@graph":[{"@type":"Article","@id":"https:\/\/nck.krakow.pl\/kcc\/blog\/warsztaty-ramach-balletofffestival\/#article","isPartOf":{"@id":"https:\/\/nck.krakow.pl\/kcc\/blog\/warsztaty-ramach-balletofffestival\/"},"author":{"name":"KCC","@id":"https:\/\/nck.krakow.pl\/kcc\/#\/schema\/person\/09a344327ebc9be52fb6b2a85b949124"},"headline":"Warsztaty w ramach BalletOFFFestival","datePublished":"2014-11-02T13:58:14+00:00","dateModified":"2017-05-16T14:01:03+00:00","mainEntityOfPage":{"@id":"https:\/\/nck.krakow.pl\/kcc\/blog\/warsztaty-ramach-balletofffestival\/"},"wordCount":149,"publisher":{"@id":"https:\/\/nck.krakow.pl\/kcc\/#organization"},"articleSection":["warsztaty"],"inLanguage":"pl-PL"},{"@type":"WebPage","@id":"https:\/\/nck.krakow.pl\/kcc\/blog\/warsztaty-ramach-balletofffestival\/","url":"https:\/\/nck.krakow.pl\/kcc\/blog\/warsztaty-ramach-balletofffestival\/","name":"Warsztaty w ramach BalletOFFFestival - Krakowskie Centrum Choreograficzne","isPartOf":{"@id":"https:\/\/nck.krakow.pl\/kcc\/#website"},"datePublished":"2014-11-02T13:58:14+00:00","dateModified":"2017-05-16T14:01:03+00:00","breadcrumb":{"@id":"https:\/\/nck.krakow.pl\/kcc\/blog\/warsztaty-ramach-balletofffestival\/#breadcrumb"},"inLanguage":"pl-PL","potentialAction":[{"@type":"ReadAction","target":["https:\/\/nck.krakow.pl\/kcc\/blog\/warsztaty-ramach-balletofffestival\/"]}]},{"@type":"BreadcrumbList","@id":"https:\/\/nck.krakow.pl\/kcc\/blog\/warsztaty-ramach-balletofffestival\/#breadcrumb","itemListElement":[{"@type":"ListItem","position":1,"name":"Strona g\u0142\u00f3wna","item":"https:\/\/nck.krakow.pl\/kcc\/"},{"@type":"ListItem","position":2,"name":"Warsztaty w ramach BalletOFFFestival"}]},{"@type":"WebSite","@id":"https:\/\/nck.krakow.pl\/kcc\/#website","url":"https:\/\/nck.krakow.pl\/kcc\/","name":"Krakowskie Centrum Choreograficzne","description":"","publisher":{"@id":"https:\/\/nck.krakow.pl\/kcc\/#organization"},"potentialAction":[{"@type":"SearchAction","target":{"@type":"EntryPoint","urlTemplate":"https:\/\/nck.krakow.pl\/kcc\/?s={search_term_string}"},"query-input":"required name=search_term_string"}],"inLanguage":"pl-PL"},{"@type":"Organization","@id":"https:\/\/nck.krakow.pl\/kcc\/#organization","name":"Krakowskie Centrum Choreograficzne","url":"https:\/\/nck.krakow.pl\/kcc\/","logo":{"@type":"ImageObject","inLanguage":"pl-PL","@id":"https:\/\/nck.krakow.pl\/kcc\/#\/schema\/logo\/image\/","url":"https:\/\/nck.krakow.pl\/kcc\/wp-content\/uploads\/2020\/01\/cropped-logo-kcc-2020.png","contentUrl":"https:\/\/nck.krakow.pl\/kcc\/wp-content\/uploads\/2020\/01\/cropped-logo-kcc-2020.png","width":116,"height":55,"caption":"Krakowskie Centrum Choreograficzne"},"image":{"@id":"https:\/\/nck.krakow.pl\/kcc\/#\/schema\/logo\/image\/"}},{"@type":"Person","@id":"https:\/\/nck.krakow.pl\/kcc\/#\/schema\/person\/09a344327ebc9be52fb6b2a85b949124","name":"KCC","image":{"@type":"ImageObject","inLanguage":"pl-PL","@id":"https:\/\/nck.krakow.pl\/kcc\/#\/schema\/person\/image\/","url":"https:\/\/secure.gravatar.com\/avatar\/d8b615ee8b3cc2069ae663c5b89eec98?s=96&d=mm&r=g","contentUrl":"https:\/\/secure.gravatar.com\/avatar\/d8b615ee8b3cc2069ae663c5b89eec98?s=96&d=mm&r=g","caption":"KCC"},"url":"https:\/\/nck.krakow.pl\/kcc\/blog\/author\/atarczydlo\/"}]}},"_links":{"self":[{"href":"https:\/\/nck.krakow.pl\/kcc\/wp-json\/wp\/v2\/posts\/2034"}],"collection":[{"href":"https:\/\/nck.krakow.pl\/kcc\/wp-json\/wp\/v2\/posts"}],"about":[{"href":"https:\/\/nck.krakow.pl\/kcc\/wp-json\/wp\/v2\/types\/post"}],"author":[{"embeddable":true,"href":"https:\/\/nck.krakow.pl\/kcc\/wp-json\/wp\/v2\/users\/5"}],"replies":[{"embeddable":true,"href":"https:\/\/nck.krakow.pl\/kcc\/wp-json\/wp\/v2\/comments?post=2034"}],"version-history":[{"count":1,"href":"https:\/\/nck.krakow.pl\/kcc\/wp-json\/wp\/v2\/posts\/2034\/revisions"}],"predecessor-version":[{"id":2037,"href":"https:\/\/nck.krakow.pl\/kcc\/wp-json\/wp\/v2\/posts\/2034\/revisions\/2037"}],"wp:featuredmedia":[{"embeddable":true,"href":"https:\/\/nck.krakow.pl\/kcc\/wp-json\/wp\/v2\/media\/2035"}],"wp:attachment":[{"href":"https:\/\/nck.krakow.pl\/kcc\/wp-json\/wp\/v2\/media?parent=2034"}],"wp:term":[{"taxonomy":"category","embeddable":true,"href":"https:\/\/nck.krakow.pl\/kcc\/wp-json\/wp\/v2\/categories?post=2034"},{"taxonomy":"post_tag","embeddable":true,"href":"https:\/\/nck.krakow.pl\/kcc\/wp-json\/wp\/v2\/tags?post=2034"}],"curies":[{"name":"wp","href":"https:\/\/api.w.org\/{rel}","templated":true}]}}