{"id":1743,"date":"2015-02-04T09:48:51","date_gmt":"2015-02-04T09:48:51","guid":{"rendered":"http:\/\/nck.krakow.pl\/kcc\/?p=1743"},"modified":"2017-05-15T09:50:34","modified_gmt":"2017-05-15T09:50:34","slug":"ja-znaju-szto-dielat-7-lutego-2015-godz-18-00","status":"publish","type":"post","link":"https:\/\/nck.krakow.pl\/kcc\/blog\/ja-znaju-szto-dielat-7-lutego-2015-godz-18-00\/","title":{"rendered":"Ja nie znaju szto die\u0142at 7 lutego 2015, godz. 18.00"},"content":{"rendered":"<h1><img loading=\"lazy\" decoding=\"async\" class=\"alignnone  wp-image-1744\" src=\"http:\/\/nck.krakow.pl\/kcc\/wp-content\/uploads\/2017\/05\/24bbf31fdbef5ad514a5deab2e8068c9-300x295.jpg\" alt=\"\" width=\"808\" height=\"795\" srcset=\"https:\/\/nck.krakow.pl\/kcc\/wp-content\/uploads\/2017\/05\/24bbf31fdbef5ad514a5deab2e8068c9-300x295.jpg 300w, https:\/\/nck.krakow.pl\/kcc\/wp-content\/uploads\/2017\/05\/24bbf31fdbef5ad514a5deab2e8068c9.jpg 732w\" sizes=\"(max-width: 808px) 100vw, 808px\" \/><\/h1>\n<h1>Ja nie znaju szto die\u0142at 7 lutego 2015, godz. 18.00<\/h1>\n<div class=\"cont\">\n<p>\u201eJa nie znaju szto die\u0142at\u201d \u2013 spektakl Pracowni METAfizyczna, Studio KCC, godz. 18.00<\/p>\n<p>Cena bilet\u00f3w: 15 z\u0142<\/p>\n<p>\u201ePunktem wyj\u015bcia w pracy nad spektaklem by\u0142a sztuka Iwana Wyrypajewa pt. \u201eTaniec Delhi\u201d. Po wst\u0119pnej analizie tekstu tancerze zacz\u0119li koncentrowa\u0107 si\u0119 na wybranym przez siebie lub narzuconym z g\u00f3ry w\u0105tku, zagadnieniu, temacie, kt\u00f3re ostatecznie zyska\u0142y wsp\u00f3lny mianownik narzucony przeze mnie. Obok pracy zespo\u0142owej tancerze wykonywali zadania indywidualne, cz\u0119sto kontynuowane i rozwijane przez d\u0142u\u017cszy czas. Nieadekwatno\u015b\u0107 emocji do sytuacji, brak odpowiednich \u015brodk\u00f3w\/narz\u0119dzi do wyra\u017cenia uczu\u0107, wypaczenia emocjonalne, emocjonalny patos skontrastowany z wewn\u0119trzn\u0105 pustk\u0105, wystudiowane reakcje, wyre\u017cyserowane gesty\u2026 to materia\u0142 nad kt\u00f3rymi pracowali tancerze, wykorzystuj\u0105c improwizacj\u0119, studium przypadku i inne, tak\u017ce wymy\u015blone przez siebie, metody. Spektakl jest dla nas pr\u00f3b\u0105, zak\u0142ada otwarto\u015b\u0107 na dalsze poszukiwania, nowe, tak\u017ce przestrzenne, interpretacje tematu\u201d.\/Pawe\u0142 \u0141yskawa\/<\/p>\n<p>&nbsp;<\/p>\n<p><strong>Grupa STARSak\u00f3w Pracowni METAfizyczna<\/strong>\u00a0powsta\u0142a z my\u015bl\u0105 o tancerzach, kt\u00f3rzy ze wzgl\u0119du na swoje \u017cyciowe decyzje nie mog\u0105 zawodowo zwi\u0105za\u0107 si\u0119 z ta\u0144cem, ale mimo to nadal pragn\u0105 profesjonalnie rozwija\u0107 swoje taneczne umiej\u0119tno\u015bci. Obok sta\u0142ej pracy nad technik\u0105 ta\u0144ca w wybranej grupie Pracowni METAfizyczna tancerze wsp\u00f3lnie z Paw\u0142em \u0141yskaw\u0105 pracuj\u0105 nad projektami artystycznymi. Obok dzia\u0142a\u0144 ruchowych Grupa koncentruje si\u0119 na pracy z tekstem, ze s\u0142owem oraz improwizacj\u0105 ruchow\u0105, stanowi\u0105c\u0105 obok tekstu punkt wyj\u015bcia do budowania postaci, ale tak\u017ce struktur ruchowych, przenosz\u0105cych tekst na poziom komunikacji niewerbalnej. Indywidualne do\u015bwiadczenie ka\u017cdego z tancerzy staje si\u0119 tutaj punktem wyj\u015bcia do budowania zbiorowej to\u017csamo\u015bci grupy, kt\u00f3ra pracuje wsp\u00f3lnie od pa\u017adziernika 2013 roku.<\/p>\n<\/div>\n","protected":false},"excerpt":{"rendered":"<p>Ja nie znaju szto die\u0142at 7 lutego 2015, godz. 18.00 \u201eJa nie znaju szto die\u0142at\u201d \u2013 spektakl Pracowni METAfizyczna, Studio KCC, godz. 18.00 Cena bilet\u00f3w: 15 z\u0142 \u201ePunktem wyj\u015bcia w pracy nad spektaklem by\u0142a sztuka Iwana Wyrypajewa pt. \u201eTaniec Delhi\u201d. Po wst\u0119pnej analizie tekstu tancerze zacz\u0119li koncentrowa\u0107 si\u0119 na wybranym przez siebie lub narzuconym z [&hellip;]<\/p>\n","protected":false},"author":5,"featured_media":1744,"comment_status":"closed","ping_status":"open","sticky":false,"template":"","format":"standard","meta":{"footnotes":""},"categories":[1],"tags":[],"class_list":["post-1743","post","type-post","status-publish","format-standard","has-post-thumbnail","hentry","category-uncategorized"],"yoast_head":"<!-- This site is optimized with the Yoast SEO plugin v19.12 - https:\/\/yoast.com\/wordpress\/plugins\/seo\/ -->\n<title>Ja nie znaju szto die\u0142at 7 lutego 2015, godz. 18.00 - Krakowskie Centrum Choreograficzne<\/title>\n<meta name=\"robots\" content=\"index, follow, max-snippet:-1, max-image-preview:large, max-video-preview:-1\" \/>\n<link rel=\"canonical\" href=\"https:\/\/nck.krakow.pl\/kcc\/blog\/ja-znaju-szto-dielat-7-lutego-2015-godz-18-00\/\" \/>\n<meta property=\"og:locale\" content=\"pl_PL\" \/>\n<meta property=\"og:type\" content=\"article\" \/>\n<meta property=\"og:title\" content=\"Ja nie znaju szto die\u0142at 7 lutego 2015, godz. 18.00\" \/>\n<meta property=\"og:description\" content=\"\u201eJa nie znaju szto die\u0142at\u201d \u2013 spektakl Pracowni METAfizyczna, Studio KCC, godz. 18.00\" \/>\n<meta property=\"og:url\" content=\"https:\/\/nck.krakow.pl\/kcc\/blog\/ja-znaju-szto-dielat-7-lutego-2015-godz-18-00\/\" \/>\n<meta property=\"og:site_name\" content=\"Krakowskie Centrum Choreograficzne\" \/>\n<meta property=\"article:published_time\" content=\"2015-02-04T09:48:51+00:00\" \/>\n<meta property=\"article:modified_time\" content=\"2017-05-15T09:50:34+00:00\" \/>\n<meta property=\"og:image\" content=\"https:\/\/nck.krakow.pl\/kcc\/wp-content\/uploads\/2017\/05\/24bbf31fdbef5ad514a5deab2e8068c9.jpg\" \/>\n\t<meta property=\"og:image:width\" content=\"732\" \/>\n\t<meta property=\"og:image:height\" content=\"720\" \/>\n\t<meta property=\"og:image:type\" content=\"image\/jpeg\" \/>\n<meta name=\"author\" content=\"KCC\" \/>\n<meta name=\"twitter:card\" content=\"summary_large_image\" \/>\n<meta name=\"twitter:label1\" content=\"Written by\" \/>\n\t<meta name=\"twitter:data1\" content=\"KCC\" \/>\n\t<meta name=\"twitter:label2\" content=\"Est. reading time\" \/>\n\t<meta name=\"twitter:data2\" content=\"1 minuta\" \/>\n<script type=\"application\/ld+json\" class=\"yoast-schema-graph\">{\"@context\":\"https:\/\/schema.org\",\"@graph\":[{\"@type\":\"Article\",\"@id\":\"https:\/\/nck.krakow.pl\/kcc\/blog\/ja-znaju-szto-dielat-7-lutego-2015-godz-18-00\/#article\",\"isPartOf\":{\"@id\":\"https:\/\/nck.krakow.pl\/kcc\/blog\/ja-znaju-szto-dielat-7-lutego-2015-godz-18-00\/\"},\"author\":{\"name\":\"KCC\",\"@id\":\"https:\/\/nck.krakow.pl\/kcc\/#\/schema\/person\/09a344327ebc9be52fb6b2a85b949124\"},\"headline\":\"Ja nie znaju szto die\u0142at 7 lutego 2015, godz. 18.00\",\"datePublished\":\"2015-02-04T09:48:51+00:00\",\"dateModified\":\"2017-05-15T09:50:34+00:00\",\"mainEntityOfPage\":{\"@id\":\"https:\/\/nck.krakow.pl\/kcc\/blog\/ja-znaju-szto-dielat-7-lutego-2015-godz-18-00\/\"},\"wordCount\":303,\"publisher\":{\"@id\":\"https:\/\/nck.krakow.pl\/kcc\/#organization\"},\"articleSection\":[\"Uncategorized\"],\"inLanguage\":\"pl-PL\"},{\"@type\":\"WebPage\",\"@id\":\"https:\/\/nck.krakow.pl\/kcc\/blog\/ja-znaju-szto-dielat-7-lutego-2015-godz-18-00\/\",\"url\":\"https:\/\/nck.krakow.pl\/kcc\/blog\/ja-znaju-szto-dielat-7-lutego-2015-godz-18-00\/\",\"name\":\"Ja nie znaju szto die\u0142at 7 lutego 2015, godz. 18.00 - Krakowskie Centrum Choreograficzne\",\"isPartOf\":{\"@id\":\"https:\/\/nck.krakow.pl\/kcc\/#website\"},\"datePublished\":\"2015-02-04T09:48:51+00:00\",\"dateModified\":\"2017-05-15T09:50:34+00:00\",\"breadcrumb\":{\"@id\":\"https:\/\/nck.krakow.pl\/kcc\/blog\/ja-znaju-szto-dielat-7-lutego-2015-godz-18-00\/#breadcrumb\"},\"inLanguage\":\"pl-PL\",\"potentialAction\":[{\"@type\":\"ReadAction\",\"target\":[\"https:\/\/nck.krakow.pl\/kcc\/blog\/ja-znaju-szto-dielat-7-lutego-2015-godz-18-00\/\"]}]},{\"@type\":\"BreadcrumbList\",\"@id\":\"https:\/\/nck.krakow.pl\/kcc\/blog\/ja-znaju-szto-dielat-7-lutego-2015-godz-18-00\/#breadcrumb\",\"itemListElement\":[{\"@type\":\"ListItem\",\"position\":1,\"name\":\"Strona g\u0142\u00f3wna\",\"item\":\"https:\/\/nck.krakow.pl\/kcc\/\"},{\"@type\":\"ListItem\",\"position\":2,\"name\":\"Ja nie znaju szto die\u0142at 7 lutego 2015, godz. 18.00\"}]},{\"@type\":\"WebSite\",\"@id\":\"https:\/\/nck.krakow.pl\/kcc\/#website\",\"url\":\"https:\/\/nck.krakow.pl\/kcc\/\",\"name\":\"Krakowskie Centrum Choreograficzne\",\"description\":\"\",\"publisher\":{\"@id\":\"https:\/\/nck.krakow.pl\/kcc\/#organization\"},\"potentialAction\":[{\"@type\":\"SearchAction\",\"target\":{\"@type\":\"EntryPoint\",\"urlTemplate\":\"https:\/\/nck.krakow.pl\/kcc\/?s={search_term_string}\"},\"query-input\":\"required name=search_term_string\"}],\"inLanguage\":\"pl-PL\"},{\"@type\":\"Organization\",\"@id\":\"https:\/\/nck.krakow.pl\/kcc\/#organization\",\"name\":\"Krakowskie Centrum Choreograficzne\",\"url\":\"https:\/\/nck.krakow.pl\/kcc\/\",\"logo\":{\"@type\":\"ImageObject\",\"inLanguage\":\"pl-PL\",\"@id\":\"https:\/\/nck.krakow.pl\/kcc\/#\/schema\/logo\/image\/\",\"url\":\"https:\/\/nck.krakow.pl\/kcc\/wp-content\/uploads\/2020\/01\/cropped-logo-kcc-2020.png\",\"contentUrl\":\"https:\/\/nck.krakow.pl\/kcc\/wp-content\/uploads\/2020\/01\/cropped-logo-kcc-2020.png\",\"width\":116,\"height\":55,\"caption\":\"Krakowskie Centrum Choreograficzne\"},\"image\":{\"@id\":\"https:\/\/nck.krakow.pl\/kcc\/#\/schema\/logo\/image\/\"}},{\"@type\":\"Person\",\"@id\":\"https:\/\/nck.krakow.pl\/kcc\/#\/schema\/person\/09a344327ebc9be52fb6b2a85b949124\",\"name\":\"KCC\",\"image\":{\"@type\":\"ImageObject\",\"inLanguage\":\"pl-PL\",\"@id\":\"https:\/\/nck.krakow.pl\/kcc\/#\/schema\/person\/image\/\",\"url\":\"https:\/\/secure.gravatar.com\/avatar\/d8b615ee8b3cc2069ae663c5b89eec98?s=96&d=mm&r=g\",\"contentUrl\":\"https:\/\/secure.gravatar.com\/avatar\/d8b615ee8b3cc2069ae663c5b89eec98?s=96&d=mm&r=g\",\"caption\":\"KCC\"},\"url\":\"https:\/\/nck.krakow.pl\/kcc\/blog\/author\/atarczydlo\/\"}]}<\/script>\n<!-- \/ Yoast SEO plugin. -->","yoast_head_json":{"title":"Ja nie znaju szto die\u0142at 7 lutego 2015, godz. 18.00 - Krakowskie Centrum Choreograficzne","robots":{"index":"index","follow":"follow","max-snippet":"max-snippet:-1","max-image-preview":"max-image-preview:large","max-video-preview":"max-video-preview:-1"},"canonical":"https:\/\/nck.krakow.pl\/kcc\/blog\/ja-znaju-szto-dielat-7-lutego-2015-godz-18-00\/","og_locale":"pl_PL","og_type":"article","og_title":"Ja nie znaju szto die\u0142at 7 lutego 2015, godz. 18.00","og_description":"\u201eJa nie znaju szto die\u0142at\u201d \u2013 spektakl Pracowni METAfizyczna, Studio KCC, godz. 18.00","og_url":"https:\/\/nck.krakow.pl\/kcc\/blog\/ja-znaju-szto-dielat-7-lutego-2015-godz-18-00\/","og_site_name":"Krakowskie Centrum Choreograficzne","article_published_time":"2015-02-04T09:48:51+00:00","article_modified_time":"2017-05-15T09:50:34+00:00","og_image":[{"width":732,"height":720,"url":"https:\/\/nck.krakow.pl\/kcc\/wp-content\/uploads\/2017\/05\/24bbf31fdbef5ad514a5deab2e8068c9.jpg","type":"image\/jpeg"}],"author":"KCC","twitter_card":"summary_large_image","twitter_misc":{"Written by":"KCC","Est. reading time":"1 minuta"},"schema":{"@context":"https:\/\/schema.org","@graph":[{"@type":"Article","@id":"https:\/\/nck.krakow.pl\/kcc\/blog\/ja-znaju-szto-dielat-7-lutego-2015-godz-18-00\/#article","isPartOf":{"@id":"https:\/\/nck.krakow.pl\/kcc\/blog\/ja-znaju-szto-dielat-7-lutego-2015-godz-18-00\/"},"author":{"name":"KCC","@id":"https:\/\/nck.krakow.pl\/kcc\/#\/schema\/person\/09a344327ebc9be52fb6b2a85b949124"},"headline":"Ja nie znaju szto die\u0142at 7 lutego 2015, godz. 18.00","datePublished":"2015-02-04T09:48:51+00:00","dateModified":"2017-05-15T09:50:34+00:00","mainEntityOfPage":{"@id":"https:\/\/nck.krakow.pl\/kcc\/blog\/ja-znaju-szto-dielat-7-lutego-2015-godz-18-00\/"},"wordCount":303,"publisher":{"@id":"https:\/\/nck.krakow.pl\/kcc\/#organization"},"articleSection":["Uncategorized"],"inLanguage":"pl-PL"},{"@type":"WebPage","@id":"https:\/\/nck.krakow.pl\/kcc\/blog\/ja-znaju-szto-dielat-7-lutego-2015-godz-18-00\/","url":"https:\/\/nck.krakow.pl\/kcc\/blog\/ja-znaju-szto-dielat-7-lutego-2015-godz-18-00\/","name":"Ja nie znaju szto die\u0142at 7 lutego 2015, godz. 18.00 - Krakowskie Centrum Choreograficzne","isPartOf":{"@id":"https:\/\/nck.krakow.pl\/kcc\/#website"},"datePublished":"2015-02-04T09:48:51+00:00","dateModified":"2017-05-15T09:50:34+00:00","breadcrumb":{"@id":"https:\/\/nck.krakow.pl\/kcc\/blog\/ja-znaju-szto-dielat-7-lutego-2015-godz-18-00\/#breadcrumb"},"inLanguage":"pl-PL","potentialAction":[{"@type":"ReadAction","target":["https:\/\/nck.krakow.pl\/kcc\/blog\/ja-znaju-szto-dielat-7-lutego-2015-godz-18-00\/"]}]},{"@type":"BreadcrumbList","@id":"https:\/\/nck.krakow.pl\/kcc\/blog\/ja-znaju-szto-dielat-7-lutego-2015-godz-18-00\/#breadcrumb","itemListElement":[{"@type":"ListItem","position":1,"name":"Strona g\u0142\u00f3wna","item":"https:\/\/nck.krakow.pl\/kcc\/"},{"@type":"ListItem","position":2,"name":"Ja nie znaju szto die\u0142at 7 lutego 2015, godz. 18.00"}]},{"@type":"WebSite","@id":"https:\/\/nck.krakow.pl\/kcc\/#website","url":"https:\/\/nck.krakow.pl\/kcc\/","name":"Krakowskie Centrum Choreograficzne","description":"","publisher":{"@id":"https:\/\/nck.krakow.pl\/kcc\/#organization"},"potentialAction":[{"@type":"SearchAction","target":{"@type":"EntryPoint","urlTemplate":"https:\/\/nck.krakow.pl\/kcc\/?s={search_term_string}"},"query-input":"required name=search_term_string"}],"inLanguage":"pl-PL"},{"@type":"Organization","@id":"https:\/\/nck.krakow.pl\/kcc\/#organization","name":"Krakowskie Centrum Choreograficzne","url":"https:\/\/nck.krakow.pl\/kcc\/","logo":{"@type":"ImageObject","inLanguage":"pl-PL","@id":"https:\/\/nck.krakow.pl\/kcc\/#\/schema\/logo\/image\/","url":"https:\/\/nck.krakow.pl\/kcc\/wp-content\/uploads\/2020\/01\/cropped-logo-kcc-2020.png","contentUrl":"https:\/\/nck.krakow.pl\/kcc\/wp-content\/uploads\/2020\/01\/cropped-logo-kcc-2020.png","width":116,"height":55,"caption":"Krakowskie Centrum Choreograficzne"},"image":{"@id":"https:\/\/nck.krakow.pl\/kcc\/#\/schema\/logo\/image\/"}},{"@type":"Person","@id":"https:\/\/nck.krakow.pl\/kcc\/#\/schema\/person\/09a344327ebc9be52fb6b2a85b949124","name":"KCC","image":{"@type":"ImageObject","inLanguage":"pl-PL","@id":"https:\/\/nck.krakow.pl\/kcc\/#\/schema\/person\/image\/","url":"https:\/\/secure.gravatar.com\/avatar\/d8b615ee8b3cc2069ae663c5b89eec98?s=96&d=mm&r=g","contentUrl":"https:\/\/secure.gravatar.com\/avatar\/d8b615ee8b3cc2069ae663c5b89eec98?s=96&d=mm&r=g","caption":"KCC"},"url":"https:\/\/nck.krakow.pl\/kcc\/blog\/author\/atarczydlo\/"}]}},"_links":{"self":[{"href":"https:\/\/nck.krakow.pl\/kcc\/wp-json\/wp\/v2\/posts\/1743"}],"collection":[{"href":"https:\/\/nck.krakow.pl\/kcc\/wp-json\/wp\/v2\/posts"}],"about":[{"href":"https:\/\/nck.krakow.pl\/kcc\/wp-json\/wp\/v2\/types\/post"}],"author":[{"embeddable":true,"href":"https:\/\/nck.krakow.pl\/kcc\/wp-json\/wp\/v2\/users\/5"}],"replies":[{"embeddable":true,"href":"https:\/\/nck.krakow.pl\/kcc\/wp-json\/wp\/v2\/comments?post=1743"}],"version-history":[{"count":1,"href":"https:\/\/nck.krakow.pl\/kcc\/wp-json\/wp\/v2\/posts\/1743\/revisions"}],"predecessor-version":[{"id":1745,"href":"https:\/\/nck.krakow.pl\/kcc\/wp-json\/wp\/v2\/posts\/1743\/revisions\/1745"}],"wp:featuredmedia":[{"embeddable":true,"href":"https:\/\/nck.krakow.pl\/kcc\/wp-json\/wp\/v2\/media\/1744"}],"wp:attachment":[{"href":"https:\/\/nck.krakow.pl\/kcc\/wp-json\/wp\/v2\/media?parent=1743"}],"wp:term":[{"taxonomy":"category","embeddable":true,"href":"https:\/\/nck.krakow.pl\/kcc\/wp-json\/wp\/v2\/categories?post=1743"},{"taxonomy":"post_tag","embeddable":true,"href":"https:\/\/nck.krakow.pl\/kcc\/wp-json\/wp\/v2\/tags?post=1743"}],"curies":[{"name":"wp","href":"https:\/\/api.w.org\/{rel}","templated":true}]}}