{"id":1177,"date":"2022-08-08T11:11:00","date_gmt":"2022-08-08T09:11:00","guid":{"rendered":"https:\/\/nck.krakow.pl\/kcc\/en\/?p=1177"},"modified":"2023-02-08T11:19:07","modified_gmt":"2023-02-08T10:19:07","slug":"2nd-edition-of-the-krakow-dance-festival","status":"publish","type":"post","link":"https:\/\/nck.krakow.pl\/kcc\/en\/2nd-edition-of-the-krakow-dance-festival\/","title":{"rendered":"2nd edition of the KRAKOW DANCE FESTIVAL"},"content":{"rendered":"\n<!--more-->\n\n\n\n<p>This year\u2019s edition of the KRAK\u00d3W DANCE FESTIVAL, entitled <em>HERE AND NOW INTO INFINITY<\/em>, was held between 1 and 7\u00a0August 2022. The programme included both Polish and international dance performances, movement workshops, lectures, and a number of accompanying events held at the Nowa Huta Cultural Centre and at the Hevre restaurant and club. The idea of the festival is to highlight the potential of contemporary dance, both as a separate form of art and in combination with other fields of art, and to release the dancers\u2019, choreographers\u2019, performers\u2019, and other artists\u2019 creative Energy.<\/p>\n\n\n\n<figure class=\"wp-block-image size-large\"><img loading=\"lazy\" decoding=\"async\" width=\"1024\" height=\"576\" src=\"https:\/\/nck.krakow.pl\/kcc\/en\/wp-content\/uploads\/sites\/4\/2023\/02\/1-1024x576.png\" alt=\"\" class=\"wp-image-1178\" srcset=\"https:\/\/nck.krakow.pl\/kcc\/en\/wp-content\/uploads\/sites\/4\/2023\/02\/1-1024x576.png 1024w, https:\/\/nck.krakow.pl\/kcc\/en\/wp-content\/uploads\/sites\/4\/2023\/02\/1-300x169.png 300w, https:\/\/nck.krakow.pl\/kcc\/en\/wp-content\/uploads\/sites\/4\/2023\/02\/1-768x432.png 768w, https:\/\/nck.krakow.pl\/kcc\/en\/wp-content\/uploads\/sites\/4\/2023\/02\/1-1536x864.png 1536w, https:\/\/nck.krakow.pl\/kcc\/en\/wp-content\/uploads\/sites\/4\/2023\/02\/1.png 1920w\" sizes=\"(max-width: 1024px) 100vw, 1024px\" \/><\/figure>\n\n\n\n<p><strong>MAIN PROGRAMME:<\/strong><\/p>\n\n\n\n<p>1.08 19:00 |<strong> THE LION\u2019S DEN \/ POCKETART &#8211; Johana Pockov\u00e1, Sabina Bo\u010dkov\u00e1<\/strong><\/p>\n\n\n\n<p>2.08 18:30 | <strong>PREMIERE: THE VOICE OF SENIORS \/ Barbara Bujakowska, Karol Mi\u0119kina, \u0141ukasz Laxy<\/strong><\/p>\n\n\n\n<p>2.08 20:00 | <strong>THE OTHERS \/ ANTON LACHKY COMPANY<\/strong><\/p>\n\n\n\n<p>3.08 19:00 | <strong>MISSPIECE \/ Dominika Wiak<\/strong><\/p>\n\n\n\n<p>3.08 20:00 |<strong>CAF\u00c9 M\u00dcLLER \/ Dominik Wi\u0119cek<\/strong><\/p>\n\n\n\n<p>4.08 &nbsp;18:00 | <strong>PREMIERE: TYMCZASOWE NO\u015aNIKI KRAJOBRAZU \/ Aleksandra Bo\u017cek Muszy\u0144ska, Gieorgij Puchalski<\/strong> KCC Recidence<\/p>\n\n\n\n<p>4.08 20:30 | <strong>VISUAL AMBIENT JAM SESSION \/ place: Hevre<\/strong><\/p>\n\n\n\n<p>5.08 17:00 | <strong>11. edition of choreographic competition 3\u20262\u20261\u2026DANCE!<\/strong><\/p>\n\n\n\n<p>6.08 20:00 <strong>PREMIERE: GUPPY 13 \/ Wojtek Klimczyk, Filip Kogut, Klaudyna Schubert, Marta Wo\u0142owiec<\/strong><\/p>\n\n\n\n<p>7.08 19:00 | <strong>CZ\u0118\u015aCI CIA\u0141A \/ Ramona Nagabczy\u0144ska<\/strong><\/p>\n\n\n\n<div style=\"height:40px\" aria-hidden=\"true\" class=\"wp-block-spacer\"><\/div>\n\n\n\n<p><strong>ACCOMPANYING EVENTS:<\/strong><\/p>\n\n\n\n<p><strong>Lectures leaded by Wojtek Klimczyk <\/strong>\/Online<\/p>\n\n\n\n<p><strong>Photographic exhibition with works of Klaudyna Schubert <\/strong>\/ Hevre<\/p>\n\n\n\n<div style=\"height:40px\" aria-hidden=\"true\" class=\"wp-block-spacer\"><\/div>\n\n\n\n<p><strong>WORKSHOPS with:<\/strong><\/p>\n\n\n\n<p><strong>Natalia Iwaniec, Lewis Cooke, Marta Wo\u0142owiec, Dominik Wi\u0119cek, Dominika Wiak, Johana Pockova, Aleksandra Bo\u017cek-Muszy\u0144ska, Pawe\u0142 Urbanowicz, Sighia Sandra J\u0119drzejowska<\/strong><strong>,<\/strong><strong> Barbara Bujakowska, Katarzyna Pastuszak.<\/strong><\/p>\n\n\n\n<p><strong>Critics workshops \/ Hanna Raszewska-Kursa<\/strong><\/p>\n\n\n\n<figure class=\"wp-block-embed is-type-video is-provider-vimeo wp-block-embed-vimeo wp-embed-aspect-16-9 wp-has-aspect-ratio\"><div class=\"wp-block-embed__wrapper\">\n<iframe loading=\"lazy\" title=\"2. KRAKOWSKI FESTIWAL TA\u0143CA | 2. KRAKOW DANCE FESTIVAL\" src=\"https:\/\/player.vimeo.com\/video\/755103362?h=b3881cefcf&amp;dnt=1&amp;app_id=122963\" width=\"768\" height=\"432\" frameborder=\"0\" allow=\"autoplay; fullscreen; picture-in-picture\" allowfullscreen><\/iframe>\n<\/div><\/figure>\n\n\n\n<div style=\"height:40px\" aria-hidden=\"true\" class=\"wp-block-spacer\"><\/div>\n\n\n\n<p><strong>Curatorial introduction<\/strong><\/p>\n\n\n\n<p>In the programme of the 2nd edition of the KRAKOW DANCE FESTIVAL, we draw the audience\u2019s attention to the notion of <em>time<\/em> on several occasions. In order for time not to be an abstracted concept, it needs a body. It is thanks to the body that the experience of time becomes possible and it is our body that gives it new properties.<\/p>\n\n\n\n<p>In a performance entitled <em>THE OTHERS<\/em>, we have the opportunity to observe extreme and virtuoso speed, used in the context of the environmental crisis. In <em>The Voice of Seniors<\/em>, we can negotiate anew with the concept of the passage of time. In <em>Guppy 13<\/em>, the creators raise the topic of travel, whereas different visions of <em>The Infinite Body<\/em> are a subject we\u2019ll be able to listen and think about during online meetings with Wojciech Klimczyk. There will also be a number of accompanying events, including the <em>VISUAL AMBIENT JAM SESSION<\/em> during which the process of taking photos will be relieved of its documentary function in favour immersion in the photography we can see here and now, accompanied by ambient sounds. And these are only just a few of the events included in the programme of this year\u2019s festival.&nbsp;<\/p>\n\n\n\n<p>Is infinity an impossible concept? Maybe so, but we can venture to say that in the experience of dance, infinity becomes tangible. Dance is a process, constant movement, constantly becoming. In a time of ubiquitous ends of the world, working with the senses, imagination, and mindfulness moves and bends this inevitability of the end. The motto of this year\u2019s edition of the KRAKOW DANCE FESTIVAL also incorporates an active wish, close to a performative statement, as though it wanted to impact the surrounding reality by halting the experience of the present. Contemporary choreographies support this idea, escaping static, finite receptions and interpretations. They work to fuel curiosity and encourage the process of asking and questioning.<\/p>\n\n\n\n<p>HERE AND NOW we would like to invite you INTO INFINITY.<\/p>\n\n\n\n<figure class=\"wp-block-image size-full\"><img loading=\"lazy\" decoding=\"async\" width=\"1024\" height=\"105\" src=\"https:\/\/nck.krakow.pl\/kcc\/en\/wp-content\/uploads\/sites\/4\/2023\/02\/image.png\" alt=\"\" class=\"wp-image-1179\" srcset=\"https:\/\/nck.krakow.pl\/kcc\/en\/wp-content\/uploads\/sites\/4\/2023\/02\/image.png 1024w, https:\/\/nck.krakow.pl\/kcc\/en\/wp-content\/uploads\/sites\/4\/2023\/02\/image-300x31.png 300w, https:\/\/nck.krakow.pl\/kcc\/en\/wp-content\/uploads\/sites\/4\/2023\/02\/image-768x79.png 768w\" sizes=\"(max-width: 1024px) 100vw, 1024px\" \/><\/figure>\n\n\n\n<p><em>Dofinansowano ze \u015brodk\u00f3w Ministra Kultury i Dziedzictwa Narodowego pochodz\u0105cych z Funduszu Promocji Kultury \u2013 pa\u0144stwowego funduszu celowego, w ramach programu \u201eTaniec\u201d, realizowanego przez Narodowy Instytut Muzyki i Ta\u0144ca.<\/em><\/p>\n","protected":false},"excerpt":{"rendered":"","protected":false},"author":5,"featured_media":1180,"comment_status":"closed","ping_status":"open","sticky":false,"template":"","format":"standard","meta":{"footnotes":""},"categories":[1],"tags":[],"class_list":["post-1177","post","type-post","status-publish","format-standard","has-post-thumbnail","hentry","category-bez-kategorii"],"yoast_head":"<!-- This site is optimized with the Yoast SEO plugin v19.12 - https:\/\/yoast.com\/wordpress\/plugins\/seo\/ -->\n<title>2nd edition of the KRAKOW DANCE FESTIVAL - Krakow Choreographic Centre<\/title>\n<meta name=\"robots\" content=\"index, follow, max-snippet:-1, max-image-preview:large, max-video-preview:-1\" \/>\n<link rel=\"canonical\" href=\"https:\/\/nck.krakow.pl\/kcc\/en\/2nd-edition-of-the-krakow-dance-festival\/\" \/>\n<meta property=\"og:locale\" content=\"en_US\" \/>\n<meta property=\"og:type\" content=\"article\" \/>\n<meta property=\"og:title\" content=\"2nd edition of the KRAKOW DANCE FESTIVAL - Krakow Choreographic Centre\" \/>\n<meta property=\"og:url\" content=\"https:\/\/nck.krakow.pl\/kcc\/en\/2nd-edition-of-the-krakow-dance-festival\/\" \/>\n<meta property=\"og:site_name\" content=\"Krakow Choreographic Centre\" \/>\n<meta property=\"article:publisher\" content=\"http:\/\/facebook.com\/kcc.nck\" \/>\n<meta property=\"article:published_time\" content=\"2022-08-08T09:11:00+00:00\" \/>\n<meta property=\"article:modified_time\" content=\"2023-02-08T10:19:07+00:00\" \/>\n<meta property=\"og:image\" content=\"https:\/\/nck.krakow.pl\/kcc\/en\/wp-content\/uploads\/sites\/4\/2023\/02\/wyrozniajace-2.png\" \/>\n\t<meta property=\"og:image:width\" content=\"830\" \/>\n\t<meta property=\"og:image:height\" content=\"375\" \/>\n\t<meta property=\"og:image:type\" content=\"image\/png\" \/>\n<meta name=\"author\" content=\"KCC\" \/>\n<meta name=\"twitter:card\" content=\"summary_large_image\" \/>\n<meta name=\"twitter:label1\" content=\"Written by\" \/>\n\t<meta name=\"twitter:data1\" content=\"KCC\" \/>\n\t<meta name=\"twitter:label2\" content=\"Est. reading time\" \/>\n\t<meta name=\"twitter:data2\" content=\"4 minutes\" \/>\n<script type=\"application\/ld+json\" class=\"yoast-schema-graph\">{\"@context\":\"https:\/\/schema.org\",\"@graph\":[{\"@type\":\"Article\",\"@id\":\"https:\/\/nck.krakow.pl\/kcc\/en\/2nd-edition-of-the-krakow-dance-festival\/#article\",\"isPartOf\":{\"@id\":\"https:\/\/nck.krakow.pl\/kcc\/en\/2nd-edition-of-the-krakow-dance-festival\/\"},\"author\":{\"name\":\"KCC\",\"@id\":\"https:\/\/nck.krakow.pl\/kcc\/en\/#\/schema\/person\/09a344327ebc9be52fb6b2a85b949124\"},\"headline\":\"2nd edition of the KRAKOW DANCE FESTIVAL\",\"datePublished\":\"2022-08-08T09:11:00+00:00\",\"dateModified\":\"2023-02-08T10:19:07+00:00\",\"mainEntityOfPage\":{\"@id\":\"https:\/\/nck.krakow.pl\/kcc\/en\/2nd-edition-of-the-krakow-dance-festival\/\"},\"wordCount\":599,\"publisher\":{\"@id\":\"https:\/\/nck.krakow.pl\/kcc\/en\/#organization\"},\"articleSection\":[\"Bez kategorii\"],\"inLanguage\":\"en-US\"},{\"@type\":\"WebPage\",\"@id\":\"https:\/\/nck.krakow.pl\/kcc\/en\/2nd-edition-of-the-krakow-dance-festival\/\",\"url\":\"https:\/\/nck.krakow.pl\/kcc\/en\/2nd-edition-of-the-krakow-dance-festival\/\",\"name\":\"2nd edition of the KRAKOW DANCE FESTIVAL - Krakow Choreographic Centre\",\"isPartOf\":{\"@id\":\"https:\/\/nck.krakow.pl\/kcc\/en\/#website\"},\"datePublished\":\"2022-08-08T09:11:00+00:00\",\"dateModified\":\"2023-02-08T10:19:07+00:00\",\"breadcrumb\":{\"@id\":\"https:\/\/nck.krakow.pl\/kcc\/en\/2nd-edition-of-the-krakow-dance-festival\/#breadcrumb\"},\"inLanguage\":\"en-US\",\"potentialAction\":[{\"@type\":\"ReadAction\",\"target\":[\"https:\/\/nck.krakow.pl\/kcc\/en\/2nd-edition-of-the-krakow-dance-festival\/\"]}]},{\"@type\":\"BreadcrumbList\",\"@id\":\"https:\/\/nck.krakow.pl\/kcc\/en\/2nd-edition-of-the-krakow-dance-festival\/#breadcrumb\",\"itemListElement\":[{\"@type\":\"ListItem\",\"position\":1,\"name\":\"Strona g\u0142\u00f3wna\",\"item\":\"https:\/\/nck.krakow.pl\/kcc\/en\/\"},{\"@type\":\"ListItem\",\"position\":2,\"name\":\"2nd edition of the KRAKOW DANCE FESTIVAL\"}]},{\"@type\":\"WebSite\",\"@id\":\"https:\/\/nck.krakow.pl\/kcc\/en\/#website\",\"url\":\"https:\/\/nck.krakow.pl\/kcc\/en\/\",\"name\":\"Krakow Choreographic Centre\",\"description\":\"\",\"publisher\":{\"@id\":\"https:\/\/nck.krakow.pl\/kcc\/en\/#organization\"},\"potentialAction\":[{\"@type\":\"SearchAction\",\"target\":{\"@type\":\"EntryPoint\",\"urlTemplate\":\"https:\/\/nck.krakow.pl\/kcc\/en\/?s={search_term_string}\"},\"query-input\":\"required name=search_term_string\"}],\"inLanguage\":\"en-US\"},{\"@type\":\"Organization\",\"@id\":\"https:\/\/nck.krakow.pl\/kcc\/en\/#organization\",\"name\":\"Krakow Choreographic Centre\",\"url\":\"https:\/\/nck.krakow.pl\/kcc\/en\/\",\"logo\":{\"@type\":\"ImageObject\",\"inLanguage\":\"en-US\",\"@id\":\"https:\/\/nck.krakow.pl\/kcc\/en\/#\/schema\/logo\/image\/\",\"url\":\"https:\/\/nck.krakow.pl\/kcc\/en\/wp-content\/uploads\/sites\/4\/2020\/04\/cropped-cropped-logo-kcc-2020en.png\",\"contentUrl\":\"https:\/\/nck.krakow.pl\/kcc\/en\/wp-content\/uploads\/sites\/4\/2020\/04\/cropped-cropped-logo-kcc-2020en.png\",\"width\":116,\"height\":55,\"caption\":\"Krakow Choreographic Centre\"},\"image\":{\"@id\":\"https:\/\/nck.krakow.pl\/kcc\/en\/#\/schema\/logo\/image\/\"},\"sameAs\":[\"http:\/\/facebook.com\/kcc.nck\"]},{\"@type\":\"Person\",\"@id\":\"https:\/\/nck.krakow.pl\/kcc\/en\/#\/schema\/person\/09a344327ebc9be52fb6b2a85b949124\",\"name\":\"KCC\",\"image\":{\"@type\":\"ImageObject\",\"inLanguage\":\"en-US\",\"@id\":\"https:\/\/nck.krakow.pl\/kcc\/en\/#\/schema\/person\/image\/\",\"url\":\"https:\/\/secure.gravatar.com\/avatar\/d8b615ee8b3cc2069ae663c5b89eec98?s=96&d=mm&r=g\",\"contentUrl\":\"https:\/\/secure.gravatar.com\/avatar\/d8b615ee8b3cc2069ae663c5b89eec98?s=96&d=mm&r=g\",\"caption\":\"KCC\"},\"url\":\"https:\/\/nck.krakow.pl\/kcc\/en\/author\/atarczydlo\/\"}]}<\/script>\n<!-- \/ Yoast SEO plugin. -->","yoast_head_json":{"title":"2nd edition of the KRAKOW DANCE FESTIVAL - Krakow Choreographic Centre","robots":{"index":"index","follow":"follow","max-snippet":"max-snippet:-1","max-image-preview":"max-image-preview:large","max-video-preview":"max-video-preview:-1"},"canonical":"https:\/\/nck.krakow.pl\/kcc\/en\/2nd-edition-of-the-krakow-dance-festival\/","og_locale":"en_US","og_type":"article","og_title":"2nd edition of the KRAKOW DANCE FESTIVAL - Krakow Choreographic Centre","og_url":"https:\/\/nck.krakow.pl\/kcc\/en\/2nd-edition-of-the-krakow-dance-festival\/","og_site_name":"Krakow Choreographic Centre","article_publisher":"http:\/\/facebook.com\/kcc.nck","article_published_time":"2022-08-08T09:11:00+00:00","article_modified_time":"2023-02-08T10:19:07+00:00","og_image":[{"width":830,"height":375,"url":"https:\/\/nck.krakow.pl\/kcc\/en\/wp-content\/uploads\/sites\/4\/2023\/02\/wyrozniajace-2.png","type":"image\/png"}],"author":"KCC","twitter_card":"summary_large_image","twitter_misc":{"Written by":"KCC","Est. reading time":"4 minutes"},"schema":{"@context":"https:\/\/schema.org","@graph":[{"@type":"Article","@id":"https:\/\/nck.krakow.pl\/kcc\/en\/2nd-edition-of-the-krakow-dance-festival\/#article","isPartOf":{"@id":"https:\/\/nck.krakow.pl\/kcc\/en\/2nd-edition-of-the-krakow-dance-festival\/"},"author":{"name":"KCC","@id":"https:\/\/nck.krakow.pl\/kcc\/en\/#\/schema\/person\/09a344327ebc9be52fb6b2a85b949124"},"headline":"2nd edition of the KRAKOW DANCE FESTIVAL","datePublished":"2022-08-08T09:11:00+00:00","dateModified":"2023-02-08T10:19:07+00:00","mainEntityOfPage":{"@id":"https:\/\/nck.krakow.pl\/kcc\/en\/2nd-edition-of-the-krakow-dance-festival\/"},"wordCount":599,"publisher":{"@id":"https:\/\/nck.krakow.pl\/kcc\/en\/#organization"},"articleSection":["Bez kategorii"],"inLanguage":"en-US"},{"@type":"WebPage","@id":"https:\/\/nck.krakow.pl\/kcc\/en\/2nd-edition-of-the-krakow-dance-festival\/","url":"https:\/\/nck.krakow.pl\/kcc\/en\/2nd-edition-of-the-krakow-dance-festival\/","name":"2nd edition of the KRAKOW DANCE FESTIVAL - Krakow Choreographic Centre","isPartOf":{"@id":"https:\/\/nck.krakow.pl\/kcc\/en\/#website"},"datePublished":"2022-08-08T09:11:00+00:00","dateModified":"2023-02-08T10:19:07+00:00","breadcrumb":{"@id":"https:\/\/nck.krakow.pl\/kcc\/en\/2nd-edition-of-the-krakow-dance-festival\/#breadcrumb"},"inLanguage":"en-US","potentialAction":[{"@type":"ReadAction","target":["https:\/\/nck.krakow.pl\/kcc\/en\/2nd-edition-of-the-krakow-dance-festival\/"]}]},{"@type":"BreadcrumbList","@id":"https:\/\/nck.krakow.pl\/kcc\/en\/2nd-edition-of-the-krakow-dance-festival\/#breadcrumb","itemListElement":[{"@type":"ListItem","position":1,"name":"Strona g\u0142\u00f3wna","item":"https:\/\/nck.krakow.pl\/kcc\/en\/"},{"@type":"ListItem","position":2,"name":"2nd edition of the KRAKOW DANCE FESTIVAL"}]},{"@type":"WebSite","@id":"https:\/\/nck.krakow.pl\/kcc\/en\/#website","url":"https:\/\/nck.krakow.pl\/kcc\/en\/","name":"Krakow Choreographic Centre","description":"","publisher":{"@id":"https:\/\/nck.krakow.pl\/kcc\/en\/#organization"},"potentialAction":[{"@type":"SearchAction","target":{"@type":"EntryPoint","urlTemplate":"https:\/\/nck.krakow.pl\/kcc\/en\/?s={search_term_string}"},"query-input":"required name=search_term_string"}],"inLanguage":"en-US"},{"@type":"Organization","@id":"https:\/\/nck.krakow.pl\/kcc\/en\/#organization","name":"Krakow Choreographic Centre","url":"https:\/\/nck.krakow.pl\/kcc\/en\/","logo":{"@type":"ImageObject","inLanguage":"en-US","@id":"https:\/\/nck.krakow.pl\/kcc\/en\/#\/schema\/logo\/image\/","url":"https:\/\/nck.krakow.pl\/kcc\/en\/wp-content\/uploads\/sites\/4\/2020\/04\/cropped-cropped-logo-kcc-2020en.png","contentUrl":"https:\/\/nck.krakow.pl\/kcc\/en\/wp-content\/uploads\/sites\/4\/2020\/04\/cropped-cropped-logo-kcc-2020en.png","width":116,"height":55,"caption":"Krakow Choreographic Centre"},"image":{"@id":"https:\/\/nck.krakow.pl\/kcc\/en\/#\/schema\/logo\/image\/"},"sameAs":["http:\/\/facebook.com\/kcc.nck"]},{"@type":"Person","@id":"https:\/\/nck.krakow.pl\/kcc\/en\/#\/schema\/person\/09a344327ebc9be52fb6b2a85b949124","name":"KCC","image":{"@type":"ImageObject","inLanguage":"en-US","@id":"https:\/\/nck.krakow.pl\/kcc\/en\/#\/schema\/person\/image\/","url":"https:\/\/secure.gravatar.com\/avatar\/d8b615ee8b3cc2069ae663c5b89eec98?s=96&d=mm&r=g","contentUrl":"https:\/\/secure.gravatar.com\/avatar\/d8b615ee8b3cc2069ae663c5b89eec98?s=96&d=mm&r=g","caption":"KCC"},"url":"https:\/\/nck.krakow.pl\/kcc\/en\/author\/atarczydlo\/"}]}},"_links":{"self":[{"href":"https:\/\/nck.krakow.pl\/kcc\/en\/wp-json\/wp\/v2\/posts\/1177"}],"collection":[{"href":"https:\/\/nck.krakow.pl\/kcc\/en\/wp-json\/wp\/v2\/posts"}],"about":[{"href":"https:\/\/nck.krakow.pl\/kcc\/en\/wp-json\/wp\/v2\/types\/post"}],"author":[{"embeddable":true,"href":"https:\/\/nck.krakow.pl\/kcc\/en\/wp-json\/wp\/v2\/users\/5"}],"replies":[{"embeddable":true,"href":"https:\/\/nck.krakow.pl\/kcc\/en\/wp-json\/wp\/v2\/comments?post=1177"}],"version-history":[{"count":1,"href":"https:\/\/nck.krakow.pl\/kcc\/en\/wp-json\/wp\/v2\/posts\/1177\/revisions"}],"predecessor-version":[{"id":1181,"href":"https:\/\/nck.krakow.pl\/kcc\/en\/wp-json\/wp\/v2\/posts\/1177\/revisions\/1181"}],"wp:featuredmedia":[{"embeddable":true,"href":"https:\/\/nck.krakow.pl\/kcc\/en\/wp-json\/wp\/v2\/media\/1180"}],"wp:attachment":[{"href":"https:\/\/nck.krakow.pl\/kcc\/en\/wp-json\/wp\/v2\/media?parent=1177"}],"wp:term":[{"taxonomy":"category","embeddable":true,"href":"https:\/\/nck.krakow.pl\/kcc\/en\/wp-json\/wp\/v2\/categories?post=1177"},{"taxonomy":"post_tag","embeddable":true,"href":"https:\/\/nck.krakow.pl\/kcc\/en\/wp-json\/wp\/v2\/tags?post=1177"}],"curies":[{"name":"wp","href":"https:\/\/api.w.org\/{rel}","templated":true}]}}