{"id":957,"date":"2005-02-17T10:01:58","date_gmt":"2005-02-17T10:01:58","guid":{"rendered":"http:\/\/centrum.nck.krakow.pl\/?p=957"},"modified":"2017-01-23T10:03:02","modified_gmt":"2017-01-23T10:03:02","slug":"robert-magiera","status":"publish","type":"post","link":"https:\/\/nck.krakow.pl\/galeriacentrum\/robert-magiera\/","title":{"rendered":"Robert Magiera"},"content":{"rendered":"<h1><script src=\"\/\/www.google-analytics.com\/analytics.js\" async=\"\"><\/script><script src=\"\/\/ajax.googleapis.com\/ajax\/libs\/jquery\/1.11.0\/jquery.min.js\"><\/script>Robert Magiera<\/h1>\n<p>&#8220;Kulig forever&#8221;<\/p>\n<p><script src=\"\/\/www.google-analytics.com\/analytics.js\" async=\"\"><\/script><br \/>\n<script src=\"js\/freewall.js\" type=\"text\/javascript\"><\/script><script src=\"js\/jquery.videoBG.js\" type=\"text\/javascript\"><\/script><script src=\"js\/script.js\" type=\"text\/javascript\"><\/script><script src=\"fancyBox\/source\/jquery.fancybox.js?v=2.1.5\" type=\"text\/javascript\"><\/script><script type=\"text\/javascript\">\/\/ <![CDATA[\n\t\t$(document).ready(function() {\n\t\t\t\/*\n\t\t\t *  Simple image gallery. Uses default settings\n\t\t\t *\/\n\n\t\t\t$('.fancybox').fancybox();\n\n\n\t\t\t\/\/ Set custom style, close if clicked, change title type and overlay color\n\t\t\t$(\".fancybox-effects-c\").fancybox({\n\t\t\t\twrapCSS    : 'fancybox-custom',\n\t\t\t\tcloseClick : true,\n\n\t\t\t\tprevEffect : 'fade',\n\t\t\t\tnextEffect : 'fade',\n\n\t\t\t\thelpers : {\n\t\t\t\t\ttitle : {\n\t\t\t\t\t\ttype : 'inside'\n\t\t\t\t\t},\n\t\t\t\t\toverlay : {\n\t\t\t\t\t\tcss : {\n\t\t\t\t\t\t\t'background' : 'rgba(238,238,238,0.85)'\n\t\t\t\t\t\t}\n\t\t\t\t\t}\n\t\t\t\t}\n\t\t\t});\n\n});\n\t\t\t\n\t\n\/\/ ]]><\/script><\/p>\n<div id=\"container\">\n<div id=\"center\">\n<div id=\"content\" class=\"white\">\n<div class=\"wrap\">\n<p>17-2-2005 \/ 25-2-2005<\/p>\n<p>Budynek\u00a0B, foyer.<\/p>\n<p>wystawa fotograficzna po\u015bwi\u0119cona Januszowi Kuligowi<\/p>\n<p>Robert Magiera \u2013 dziennikarz i fotoreporter. Od ponad trzydziestu lat rejestruje obiektywem i opisuje wydarzenia wyczynowego automobilizmu w Polsce i na \u015bwiecie. Wsp\u00f3\u0142pracownik prawie wszystkich wa\u017cniejszych motoryzacyjnych tytu\u0142\u00f3w prasowych.<br \/>\nW swoim dorobku ma kilka wystaw fotograficznych. Jedn\u0105 po\u015bwi\u0119ci\u0142 Teresie Foldze i gimnastyce artystycznej, cztery pozosta\u0142e \u2013 sportom samochodowym.<\/p>\n<p>Wystawa fotografii \u201eKulig forever\u201d po\u015bwi\u0119cona jest historii 12-letnich start\u00f3w Janusza Kuliga \u2013 tragicznie zmar\u0142ego 13 lutego 2004 roku, jednego z najlepszych polskich kierowc\u00f3w rajdowych wszechczas\u00f3w. Mia\u0142 34 lata&#8230;<\/p>\n<\/div>\n<\/div>\n<\/div>\n<\/div>\n<div id=\"container\"><\/div>\n","protected":false},"excerpt":{"rendered":"<p>Robert Magiera &#8220;Kulig forever&#8221; 17-2-2005 \/ 25-2-2005 Budynek\u00a0B, foyer. wystawa fotograficzna po\u015bwi\u0119cona Januszowi Kuligowi Robert Magiera \u2013 dziennikarz i fotoreporter. Od ponad trzydziestu lat rejestruje obiektywem i opisuje wydarzenia wyczynowego automobilizmu w Polsce i na \u015bwiecie. Wsp\u00f3\u0142pracownik prawie wszystkich wa\u017cniejszych motoryzacyjnych tytu\u0142\u00f3w prasowych. W swoim dorobku ma kilka wystaw fotograficznych. Jedn\u0105 po\u015bwi\u0119ci\u0142 Teresie Foldze i<a class=\"moretag\" href=\"https:\/\/nck.krakow.pl\/galeriacentrum\/robert-magiera\/\"><span class=\"screen-reader-text\">Wi\u0119cej oRobert Magiera<\/span>[&#8230;]<\/a><\/p>\n","protected":false},"author":1,"featured_media":0,"comment_status":"closed","ping_status":"open","sticky":false,"template":"","format":"standard","meta":{"footnotes":""},"categories":[36,6,2],"tags":[],"class_list":["post-957","post","type-post","status-publish","format-standard","hentry","category-36","category-fotografia","category-wystawy"],"yoast_head":"<!-- This site is optimized with the Yoast SEO plugin v19.12 - https:\/\/yoast.com\/wordpress\/plugins\/seo\/ -->\n<title>Robert Magiera - Galeria CENTRUM<\/title>\n<meta name=\"robots\" content=\"index, follow, max-snippet:-1, max-image-preview:large, max-video-preview:-1\" \/>\n<link rel=\"canonical\" href=\"https:\/\/nck.krakow.pl\/galeriacentrum\/robert-magiera\/\" \/>\n<meta property=\"og:locale\" content=\"pl_PL\" \/>\n<meta property=\"og:type\" content=\"article\" \/>\n<meta property=\"og:title\" content=\"Robert Magiera - Galeria CENTRUM\" \/>\n<meta property=\"og:description\" content=\"Robert Magiera &#8220;Kulig forever&#8221; 17-2-2005 \/ 25-2-2005 Budynek\u00a0B, foyer. wystawa fotograficzna po\u015bwi\u0119cona Januszowi Kuligowi Robert Magiera \u2013 dziennikarz i fotoreporter. Od ponad trzydziestu lat rejestruje obiektywem i opisuje wydarzenia wyczynowego automobilizmu w Polsce i na \u015bwiecie. Wsp\u00f3\u0142pracownik prawie wszystkich wa\u017cniejszych motoryzacyjnych tytu\u0142\u00f3w prasowych. W swoim dorobku ma kilka wystaw fotograficznych. Jedn\u0105 po\u015bwi\u0119ci\u0142 Teresie Foldze iWi\u0119cej oRobert Magiera[...]\" \/>\n<meta property=\"og:url\" content=\"https:\/\/nck.krakow.pl\/galeriacentrum\/robert-magiera\/\" \/>\n<meta property=\"og:site_name\" content=\"Galeria CENTRUM\" \/>\n<meta property=\"article:published_time\" content=\"2005-02-17T10:01:58+00:00\" \/>\n<meta property=\"article:modified_time\" content=\"2017-01-23T10:03:02+00:00\" \/>\n<meta name=\"author\" content=\"admin\" \/>\n<meta name=\"twitter:card\" content=\"summary_large_image\" \/>\n<meta name=\"twitter:label1\" content=\"Written by\" \/>\n\t<meta name=\"twitter:data1\" content=\"admin\" \/>\n\t<meta name=\"twitter:label2\" content=\"Est. reading time\" \/>\n\t<meta name=\"twitter:data2\" content=\"1 minuta\" \/>\n<script type=\"application\/ld+json\" class=\"yoast-schema-graph\">{\"@context\":\"https:\/\/schema.org\",\"@graph\":[{\"@type\":\"WebPage\",\"@id\":\"https:\/\/nck.krakow.pl\/galeriacentrum\/robert-magiera\/\",\"url\":\"https:\/\/nck.krakow.pl\/galeriacentrum\/robert-magiera\/\",\"name\":\"Robert Magiera - Galeria CENTRUM\",\"isPartOf\":{\"@id\":\"https:\/\/nck.krakow.pl\/galeriacentrum\/#website\"},\"datePublished\":\"2005-02-17T10:01:58+00:00\",\"dateModified\":\"2017-01-23T10:03:02+00:00\",\"author\":{\"@id\":\"https:\/\/nck.krakow.pl\/galeriacentrum\/#\/schema\/person\/563c655e7f8cea2c4a5e30b62aad544b\"},\"breadcrumb\":{\"@id\":\"https:\/\/nck.krakow.pl\/galeriacentrum\/robert-magiera\/#breadcrumb\"},\"inLanguage\":\"pl-PL\",\"potentialAction\":[{\"@type\":\"ReadAction\",\"target\":[\"https:\/\/nck.krakow.pl\/galeriacentrum\/robert-magiera\/\"]}]},{\"@type\":\"BreadcrumbList\",\"@id\":\"https:\/\/nck.krakow.pl\/galeriacentrum\/robert-magiera\/#breadcrumb\",\"itemListElement\":[{\"@type\":\"ListItem\",\"position\":1,\"name\":\"Strona g\u0142\u00f3wna\",\"item\":\"https:\/\/nck.krakow.pl\/galeriacentrum\/\"},{\"@type\":\"ListItem\",\"position\":2,\"name\":\"Robert Magiera\"}]},{\"@type\":\"WebSite\",\"@id\":\"https:\/\/nck.krakow.pl\/galeriacentrum\/#website\",\"url\":\"https:\/\/nck.krakow.pl\/galeriacentrum\/\",\"name\":\"Galeria CENTRUM\",\"description\":\"Galeria Centrum\",\"potentialAction\":[{\"@type\":\"SearchAction\",\"target\":{\"@type\":\"EntryPoint\",\"urlTemplate\":\"https:\/\/nck.krakow.pl\/galeriacentrum\/?s={search_term_string}\"},\"query-input\":\"required name=search_term_string\"}],\"inLanguage\":\"pl-PL\"},{\"@type\":\"Person\",\"@id\":\"https:\/\/nck.krakow.pl\/galeriacentrum\/#\/schema\/person\/563c655e7f8cea2c4a5e30b62aad544b\",\"name\":\"admin\",\"image\":{\"@type\":\"ImageObject\",\"inLanguage\":\"pl-PL\",\"@id\":\"https:\/\/nck.krakow.pl\/galeriacentrum\/#\/schema\/person\/image\/\",\"url\":\"https:\/\/secure.gravatar.com\/avatar\/3753dfce494871fdf8ea4a271450f78c?s=96&d=mm&r=g\",\"contentUrl\":\"https:\/\/secure.gravatar.com\/avatar\/3753dfce494871fdf8ea4a271450f78c?s=96&d=mm&r=g\",\"caption\":\"admin\"},\"url\":\"https:\/\/nck.krakow.pl\/galeriacentrum\/author\/admin\/\"}]}<\/script>\n<!-- \/ Yoast SEO plugin. -->","yoast_head_json":{"title":"Robert Magiera - Galeria CENTRUM","robots":{"index":"index","follow":"follow","max-snippet":"max-snippet:-1","max-image-preview":"max-image-preview:large","max-video-preview":"max-video-preview:-1"},"canonical":"https:\/\/nck.krakow.pl\/galeriacentrum\/robert-magiera\/","og_locale":"pl_PL","og_type":"article","og_title":"Robert Magiera - Galeria CENTRUM","og_description":"Robert Magiera &#8220;Kulig forever&#8221; 17-2-2005 \/ 25-2-2005 Budynek\u00a0B, foyer. wystawa fotograficzna po\u015bwi\u0119cona Januszowi Kuligowi Robert Magiera \u2013 dziennikarz i fotoreporter. Od ponad trzydziestu lat rejestruje obiektywem i opisuje wydarzenia wyczynowego automobilizmu w Polsce i na \u015bwiecie. Wsp\u00f3\u0142pracownik prawie wszystkich wa\u017cniejszych motoryzacyjnych tytu\u0142\u00f3w prasowych. W swoim dorobku ma kilka wystaw fotograficznych. Jedn\u0105 po\u015bwi\u0119ci\u0142 Teresie Foldze iWi\u0119cej oRobert Magiera[...]","og_url":"https:\/\/nck.krakow.pl\/galeriacentrum\/robert-magiera\/","og_site_name":"Galeria CENTRUM","article_published_time":"2005-02-17T10:01:58+00:00","article_modified_time":"2017-01-23T10:03:02+00:00","author":"admin","twitter_card":"summary_large_image","twitter_misc":{"Written by":"admin","Est. reading time":"1 minuta"},"schema":{"@context":"https:\/\/schema.org","@graph":[{"@type":"WebPage","@id":"https:\/\/nck.krakow.pl\/galeriacentrum\/robert-magiera\/","url":"https:\/\/nck.krakow.pl\/galeriacentrum\/robert-magiera\/","name":"Robert Magiera - Galeria CENTRUM","isPartOf":{"@id":"https:\/\/nck.krakow.pl\/galeriacentrum\/#website"},"datePublished":"2005-02-17T10:01:58+00:00","dateModified":"2017-01-23T10:03:02+00:00","author":{"@id":"https:\/\/nck.krakow.pl\/galeriacentrum\/#\/schema\/person\/563c655e7f8cea2c4a5e30b62aad544b"},"breadcrumb":{"@id":"https:\/\/nck.krakow.pl\/galeriacentrum\/robert-magiera\/#breadcrumb"},"inLanguage":"pl-PL","potentialAction":[{"@type":"ReadAction","target":["https:\/\/nck.krakow.pl\/galeriacentrum\/robert-magiera\/"]}]},{"@type":"BreadcrumbList","@id":"https:\/\/nck.krakow.pl\/galeriacentrum\/robert-magiera\/#breadcrumb","itemListElement":[{"@type":"ListItem","position":1,"name":"Strona g\u0142\u00f3wna","item":"https:\/\/nck.krakow.pl\/galeriacentrum\/"},{"@type":"ListItem","position":2,"name":"Robert Magiera"}]},{"@type":"WebSite","@id":"https:\/\/nck.krakow.pl\/galeriacentrum\/#website","url":"https:\/\/nck.krakow.pl\/galeriacentrum\/","name":"Galeria CENTRUM","description":"Galeria Centrum","potentialAction":[{"@type":"SearchAction","target":{"@type":"EntryPoint","urlTemplate":"https:\/\/nck.krakow.pl\/galeriacentrum\/?s={search_term_string}"},"query-input":"required name=search_term_string"}],"inLanguage":"pl-PL"},{"@type":"Person","@id":"https:\/\/nck.krakow.pl\/galeriacentrum\/#\/schema\/person\/563c655e7f8cea2c4a5e30b62aad544b","name":"admin","image":{"@type":"ImageObject","inLanguage":"pl-PL","@id":"https:\/\/nck.krakow.pl\/galeriacentrum\/#\/schema\/person\/image\/","url":"https:\/\/secure.gravatar.com\/avatar\/3753dfce494871fdf8ea4a271450f78c?s=96&d=mm&r=g","contentUrl":"https:\/\/secure.gravatar.com\/avatar\/3753dfce494871fdf8ea4a271450f78c?s=96&d=mm&r=g","caption":"admin"},"url":"https:\/\/nck.krakow.pl\/galeriacentrum\/author\/admin\/"}]}},"_links":{"self":[{"href":"https:\/\/nck.krakow.pl\/galeriacentrum\/wp-json\/wp\/v2\/posts\/957"}],"collection":[{"href":"https:\/\/nck.krakow.pl\/galeriacentrum\/wp-json\/wp\/v2\/posts"}],"about":[{"href":"https:\/\/nck.krakow.pl\/galeriacentrum\/wp-json\/wp\/v2\/types\/post"}],"author":[{"embeddable":true,"href":"https:\/\/nck.krakow.pl\/galeriacentrum\/wp-json\/wp\/v2\/users\/1"}],"replies":[{"embeddable":true,"href":"https:\/\/nck.krakow.pl\/galeriacentrum\/wp-json\/wp\/v2\/comments?post=957"}],"version-history":[{"count":1,"href":"https:\/\/nck.krakow.pl\/galeriacentrum\/wp-json\/wp\/v2\/posts\/957\/revisions"}],"predecessor-version":[{"id":959,"href":"https:\/\/nck.krakow.pl\/galeriacentrum\/wp-json\/wp\/v2\/posts\/957\/revisions\/959"}],"wp:attachment":[{"href":"https:\/\/nck.krakow.pl\/galeriacentrum\/wp-json\/wp\/v2\/media?parent=957"}],"wp:term":[{"taxonomy":"category","embeddable":true,"href":"https:\/\/nck.krakow.pl\/galeriacentrum\/wp-json\/wp\/v2\/categories?post=957"},{"taxonomy":"post_tag","embeddable":true,"href":"https:\/\/nck.krakow.pl\/galeriacentrum\/wp-json\/wp\/v2\/tags?post=957"}],"curies":[{"name":"wp","href":"https:\/\/api.w.org\/{rel}","templated":true}]}}