{"id":1429,"date":"2015-03-07T09:20:14","date_gmt":"2015-03-07T09:20:14","guid":{"rendered":"http:\/\/centrum.nck.krakow.pl\/?p=1429"},"modified":"2017-02-23T10:00:47","modified_gmt":"2017-02-23T10:00:47","slug":"1429-2","status":"publish","type":"post","link":"https:\/\/nck.krakow.pl\/galeriacentrum\/1429-2\/","title":{"rendered":"\u201e\u0141\u0105ka\u201d"},"content":{"rendered":"<div id=\"content\" class=\"white\">\n<div class=\"wrap\">\n<h1>\u201e\u0141\u0105ka\u201d<\/h1>\n<\/div>\n<\/div>\n<p>&nbsp;<\/p>\n<p>&nbsp;<\/p>\n<div id=\"content\" class=\"white\">\n<div class=\"wrap\">\n<p>Wystawa prac pracownik\u00f3w, doktorant\u00f3w i student\u00f3w Wydzia\u0142u Malarstwa Akademii Sztuk Pi\u0119knych w Krakowie<\/p>\n<p>7-3-2016 \/ 7-4-2016<\/p>\n<p>wernisa\u017c wystawy 8 marca 2016 roku o g. 18.00<br \/>\nw Czarnej Galerii CENTRUM<\/p>\n<p>Arty\u015bci:<br \/>\n<strong>Joanna Banek, R\u00f3\u017ca Duda, Magdalena Kulesza-Fedkowicz, Krystyna Malinowska, Sylwia Solak, <\/strong><strong>Bogus\u0142awa Bortnik-Morajda, Iwa Kruczkowska-Kr\u00f3l, Jolanta Ku\u015bmierska, Joanna Rolicka, Joanna Zemanek.<\/strong><\/p>\n<p><em>\u201eS\u0142once wstaje z rosistego \u0142o\u017ca, a \u015bwie\u017ce podmuchy<\/em><br \/>\n<em>Igraj\u0105 w jego promieniach roze\u015bmianych i nios\u0105cych<\/em><br \/>\n<em>\u017bycie nasieniem. A \u015bwie\u017ca Ziemia l\u015bni tysi\u0105cem tysi\u0119cy<\/em><br \/>\n<em>\u0179r\u00f3de\u0142 \u017cycia\u201d <\/em><br \/>\n(William Blake, \u201eCzterej Zoa\u201d. wyd. Zielona Sowa Sp. z o. o., Krak\u00f3w 2009, s.149)<\/p>\n<p><em>\u201eAby u\u015bwiadomi\u0107 sobie pi\u0119kno, majestat, \u015bwi\u0119to\u015b\u0107 przyrody, trzeba by\u0107 obecnym.(&#8230;)\u017beby co\u015b takiego dotar\u0142o do \u015bwiadomo\u015bci musi znieruchomie\u0107.(&#8230;) Niezb\u0119dna jest twoja ca\u0142kowita obecno\u015b\u0107 w zjawiskach tych kryje si\u0119 co\u015b wi\u0119cej ni\u017c pi\u0119kno zewn\u0119trznych form: co\u015b nienazwanego, niewys\u0142owionego, jaka\u015b g\u0142\u0119boka, wewn\u0119trzna, \u015bwi\u0119ta esencja. Wszelkie przejawy pi\u0119kna s\u0105 ni\u0105 prze\u015bwietlone.\u201d<\/em><br \/>\n(Eckkhart Tolle, \u201e Pot\u0119g\u0105 tera\u017aniejszo\u015bci\u201d, Wyd. Galaktyka Sp. z o.o., \u0141\u00f3d\u017a 2014, wyd. I, s. 109)<\/p>\n<p>IDEA<\/p>\n<p>\u201e\u0141\u0105ka\u201d to tytu\u0142 wystawy prac pracownik\u00f3w, doktorant\u00f3w i student\u00f3w Wydzia\u0142u Malarstwa Akademii Sztuk Pi\u0119knych w Krakowie. Jest to trzecia ods\u0142ona cyklu wystaw zwi\u0105zanych pierwotnie ze \u015bwi\u0119tem Kwiat\u00f3w w Otmuchowie. Edycja projektu w 2015 r., b\u0119dzie nieco inna, zar\u00f3wno przez zasi\u0119g wystawy jak i tematyk\u0119. Arty\u015bci &#8211; a w\u0142a\u015bciwie artystki, bo tym razem do projektu zaproszone zosta\u0142y wy\u0142\u0105cznie kobiety, poruszaj\u0105 tematyk\u0119 szeroko nawi\u0105zuj\u0105c\u0105 do motywu \u0141\u0105ki, miejsca poro\u015bni\u0119tego r\u00f3\u017cnorodnym kwieciem, zio\u0142ami, ale i miejsca ciszy, kontemplacji, spotkania nieba i ziemi.<\/p>\n<p>\u0141\u0105ka to miejsce gdzie odpoczywamy, napawaj\u0105c si\u0119 spokojem, za\u017cywamy k\u0105pieli s\u0142onecznych, wyciszenia, wr\u0119cz medytacji, to r\u00f3wnie\u017c miejsce spotka\u0144, piknik\u00f3w, a wi\u0119c towarzystwa, rado\u015bci, mi\u0142o\u015bci, miejsce spacer\u00f3w, zbierania kwiat\u00f3w, zi\u00f3\u0142, plecenia wiank\u00f3w. Kojarzy si\u0119 z dzieci\u0144stwem, zdrowiem ale i ciep\u0142em, \u015bmiechem, czym\u015b ulotnym. Wiatr wesp\u00f3\u0142 z brz\u0119cz\u0105cymi owadami, \u015bpiewem ptak\u00f3w i szumem traw tworzy w tym miejscu swoist\u0105 symfonie.<\/p>\n<p>Jest to miejsce niezwyk\u0142e cho\u0107 tak dobrze ka\u017cdemu znane. Na \u0142\u0105ce t\u0119tni \u017cycie, pory roku odciskaj\u0105 sw\u00f3j \u015blad wr\u0119cz archetypowo &#8211; \u017cycie i \u015bmier\u0107 wsp\u00f3\u0142graj\u0105 ze sob\u0105, tworz\u0105c harmoni\u0119 istnienia, mikrokosmos, odzwierciedlenie naszych miast, pa\u0144stw, \u015bwiata.<\/p>\n<p>Prace kt\u00f3re prezentowane s\u0105 na wystawie, poruszaj\u0105 r\u00f3\u017cne problemy, czasem poszukuj\u0105 pi\u0119kna, innym razem problemem jest \u015bwiat\u0142o, interpretuj\u0105, obrazy staj\u0105 si\u0119 symbolem. Artystki bardzo r\u00f3\u017cnie widz\u0105 temat, ka\u017cda jest indywidualno\u015bci\u0105, ka\u017cda jest innym kwiatem na \u0142\u0105ce sztuki.<\/p>\n<p>Joanna Banek<\/p>\n<\/div>\n<p><img decoding=\"async\" src=\"http:\/\/www.adm.grades.com.pl\/modules\/file-uploader-master\/server\/uploads\/galeriacentrum\/4fa2e7188a3e6fad87894b270d8d3006.jpg\" alt=\"\" \/><\/p>\n<\/div>\n","protected":false},"excerpt":{"rendered":"<p>\u201e\u0141\u0105ka\u201d &nbsp; &nbsp; Wystawa prac pracownik\u00f3w, doktorant\u00f3w i student\u00f3w Wydzia\u0142u Malarstwa Akademii Sztuk Pi\u0119knych w Krakowie 7-3-2016 \/ 7-4-2016 wernisa\u017c wystawy 8 marca 2016 roku o g. 18.00 w Czarnej Galerii CENTRUM Arty\u015bci: Joanna Banek, R\u00f3\u017ca Duda, Magdalena Kulesza-Fedkowicz, Krystyna Malinowska, Sylwia Solak, Bogus\u0142awa Bortnik-Morajda, Iwa Kruczkowska-Kr\u00f3l, Jolanta Ku\u015bmierska, Joanna Rolicka, Joanna Zemanek. \u201eS\u0142once wstaje<a class=\"moretag\" href=\"https:\/\/nck.krakow.pl\/galeriacentrum\/1429-2\/\"><span class=\"screen-reader-text\">Wi\u0119cej o\u201e\u0141\u0105ka\u201d<\/span>[&#8230;]<\/a><\/p>\n","protected":false},"author":1,"featured_media":1681,"comment_status":"closed","ping_status":"open","sticky":false,"template":"","format":"standard","meta":{"footnotes":""},"categories":[47,2],"tags":[],"class_list":["post-1429","post","type-post","status-publish","format-standard","has-post-thumbnail","hentry","category-47","category-wystawy"],"yoast_head":"<!-- This site is optimized with the Yoast SEO plugin v19.12 - https:\/\/yoast.com\/wordpress\/plugins\/seo\/ -->\n<title>\u201e\u0141\u0105ka\u201d - Galeria CENTRUM<\/title>\n<meta name=\"robots\" content=\"index, follow, max-snippet:-1, max-image-preview:large, max-video-preview:-1\" \/>\n<link rel=\"canonical\" href=\"https:\/\/nck.krakow.pl\/galeriacentrum\/1429-2\/\" \/>\n<meta property=\"og:locale\" content=\"pl_PL\" \/>\n<meta property=\"og:type\" content=\"article\" \/>\n<meta property=\"og:title\" content=\"\u201e\u0141\u0105ka\u201d - Galeria CENTRUM\" \/>\n<meta property=\"og:description\" content=\"\u201e\u0141\u0105ka\u201d &nbsp; &nbsp; Wystawa prac pracownik\u00f3w, doktorant\u00f3w i student\u00f3w Wydzia\u0142u Malarstwa Akademii Sztuk Pi\u0119knych w Krakowie 7-3-2016 \/ 7-4-2016 wernisa\u017c wystawy 8 marca 2016 roku o g. 18.00 w Czarnej Galerii CENTRUM Arty\u015bci: Joanna Banek, R\u00f3\u017ca Duda, Magdalena Kulesza-Fedkowicz, Krystyna Malinowska, Sylwia Solak, Bogus\u0142awa Bortnik-Morajda, Iwa Kruczkowska-Kr\u00f3l, Jolanta Ku\u015bmierska, Joanna Rolicka, Joanna Zemanek. \u201eS\u0142once wstajeWi\u0119cej o\u201e\u0141\u0105ka\u201d[...]\" \/>\n<meta property=\"og:url\" content=\"https:\/\/nck.krakow.pl\/galeriacentrum\/1429-2\/\" \/>\n<meta property=\"og:site_name\" content=\"Galeria CENTRUM\" \/>\n<meta property=\"article:published_time\" content=\"2015-03-07T09:20:14+00:00\" \/>\n<meta property=\"article:modified_time\" content=\"2017-02-23T10:00:47+00:00\" \/>\n<meta property=\"og:image\" content=\"https:\/\/nck.krakow.pl\/galeriacentrum\/wp-content\/uploads\/2015\/03\/Projekt-bez-tytu\u0142u-2.jpg\" \/>\n\t<meta property=\"og:image:width\" content=\"1024\" \/>\n\t<meta property=\"og:image:height\" content=\"512\" \/>\n\t<meta property=\"og:image:type\" content=\"image\/jpeg\" \/>\n<meta name=\"author\" content=\"admin\" \/>\n<meta name=\"twitter:card\" content=\"summary_large_image\" \/>\n<meta name=\"twitter:label1\" content=\"Written by\" \/>\n\t<meta name=\"twitter:data1\" content=\"admin\" \/>\n\t<meta name=\"twitter:label2\" content=\"Est. reading time\" \/>\n\t<meta name=\"twitter:data2\" content=\"2 minuty\" \/>\n<script type=\"application\/ld+json\" class=\"yoast-schema-graph\">{\"@context\":\"https:\/\/schema.org\",\"@graph\":[{\"@type\":\"WebPage\",\"@id\":\"https:\/\/nck.krakow.pl\/galeriacentrum\/1429-2\/\",\"url\":\"https:\/\/nck.krakow.pl\/galeriacentrum\/1429-2\/\",\"name\":\"\u201e\u0141\u0105ka\u201d - Galeria CENTRUM\",\"isPartOf\":{\"@id\":\"https:\/\/nck.krakow.pl\/galeriacentrum\/#website\"},\"datePublished\":\"2015-03-07T09:20:14+00:00\",\"dateModified\":\"2017-02-23T10:00:47+00:00\",\"author\":{\"@id\":\"https:\/\/nck.krakow.pl\/galeriacentrum\/#\/schema\/person\/563c655e7f8cea2c4a5e30b62aad544b\"},\"breadcrumb\":{\"@id\":\"https:\/\/nck.krakow.pl\/galeriacentrum\/1429-2\/#breadcrumb\"},\"inLanguage\":\"pl-PL\",\"potentialAction\":[{\"@type\":\"ReadAction\",\"target\":[\"https:\/\/nck.krakow.pl\/galeriacentrum\/1429-2\/\"]}]},{\"@type\":\"BreadcrumbList\",\"@id\":\"https:\/\/nck.krakow.pl\/galeriacentrum\/1429-2\/#breadcrumb\",\"itemListElement\":[{\"@type\":\"ListItem\",\"position\":1,\"name\":\"Strona g\u0142\u00f3wna\",\"item\":\"https:\/\/nck.krakow.pl\/galeriacentrum\/\"},{\"@type\":\"ListItem\",\"position\":2,\"name\":\"\u201e\u0141\u0105ka\u201d\"}]},{\"@type\":\"WebSite\",\"@id\":\"https:\/\/nck.krakow.pl\/galeriacentrum\/#website\",\"url\":\"https:\/\/nck.krakow.pl\/galeriacentrum\/\",\"name\":\"Galeria CENTRUM\",\"description\":\"Galeria Centrum\",\"potentialAction\":[{\"@type\":\"SearchAction\",\"target\":{\"@type\":\"EntryPoint\",\"urlTemplate\":\"https:\/\/nck.krakow.pl\/galeriacentrum\/?s={search_term_string}\"},\"query-input\":\"required name=search_term_string\"}],\"inLanguage\":\"pl-PL\"},{\"@type\":\"Person\",\"@id\":\"https:\/\/nck.krakow.pl\/galeriacentrum\/#\/schema\/person\/563c655e7f8cea2c4a5e30b62aad544b\",\"name\":\"admin\",\"image\":{\"@type\":\"ImageObject\",\"inLanguage\":\"pl-PL\",\"@id\":\"https:\/\/nck.krakow.pl\/galeriacentrum\/#\/schema\/person\/image\/\",\"url\":\"https:\/\/secure.gravatar.com\/avatar\/3753dfce494871fdf8ea4a271450f78c?s=96&d=mm&r=g\",\"contentUrl\":\"https:\/\/secure.gravatar.com\/avatar\/3753dfce494871fdf8ea4a271450f78c?s=96&d=mm&r=g\",\"caption\":\"admin\"},\"url\":\"https:\/\/nck.krakow.pl\/galeriacentrum\/author\/admin\/\"}]}<\/script>\n<!-- \/ Yoast SEO plugin. -->","yoast_head_json":{"title":"\u201e\u0141\u0105ka\u201d - Galeria CENTRUM","robots":{"index":"index","follow":"follow","max-snippet":"max-snippet:-1","max-image-preview":"max-image-preview:large","max-video-preview":"max-video-preview:-1"},"canonical":"https:\/\/nck.krakow.pl\/galeriacentrum\/1429-2\/","og_locale":"pl_PL","og_type":"article","og_title":"\u201e\u0141\u0105ka\u201d - Galeria CENTRUM","og_description":"\u201e\u0141\u0105ka\u201d &nbsp; &nbsp; Wystawa prac pracownik\u00f3w, doktorant\u00f3w i student\u00f3w Wydzia\u0142u Malarstwa Akademii Sztuk Pi\u0119knych w Krakowie 7-3-2016 \/ 7-4-2016 wernisa\u017c wystawy 8 marca 2016 roku o g. 18.00 w Czarnej Galerii CENTRUM Arty\u015bci: Joanna Banek, R\u00f3\u017ca Duda, Magdalena Kulesza-Fedkowicz, Krystyna Malinowska, Sylwia Solak, Bogus\u0142awa Bortnik-Morajda, Iwa Kruczkowska-Kr\u00f3l, Jolanta Ku\u015bmierska, Joanna Rolicka, Joanna Zemanek. \u201eS\u0142once wstajeWi\u0119cej o\u201e\u0141\u0105ka\u201d[...]","og_url":"https:\/\/nck.krakow.pl\/galeriacentrum\/1429-2\/","og_site_name":"Galeria CENTRUM","article_published_time":"2015-03-07T09:20:14+00:00","article_modified_time":"2017-02-23T10:00:47+00:00","og_image":[{"width":1024,"height":512,"url":"https:\/\/nck.krakow.pl\/galeriacentrum\/wp-content\/uploads\/2015\/03\/Projekt-bez-tytu\u0142u-2.jpg","type":"image\/jpeg"}],"author":"admin","twitter_card":"summary_large_image","twitter_misc":{"Written by":"admin","Est. reading time":"2 minuty"},"schema":{"@context":"https:\/\/schema.org","@graph":[{"@type":"WebPage","@id":"https:\/\/nck.krakow.pl\/galeriacentrum\/1429-2\/","url":"https:\/\/nck.krakow.pl\/galeriacentrum\/1429-2\/","name":"\u201e\u0141\u0105ka\u201d - Galeria CENTRUM","isPartOf":{"@id":"https:\/\/nck.krakow.pl\/galeriacentrum\/#website"},"datePublished":"2015-03-07T09:20:14+00:00","dateModified":"2017-02-23T10:00:47+00:00","author":{"@id":"https:\/\/nck.krakow.pl\/galeriacentrum\/#\/schema\/person\/563c655e7f8cea2c4a5e30b62aad544b"},"breadcrumb":{"@id":"https:\/\/nck.krakow.pl\/galeriacentrum\/1429-2\/#breadcrumb"},"inLanguage":"pl-PL","potentialAction":[{"@type":"ReadAction","target":["https:\/\/nck.krakow.pl\/galeriacentrum\/1429-2\/"]}]},{"@type":"BreadcrumbList","@id":"https:\/\/nck.krakow.pl\/galeriacentrum\/1429-2\/#breadcrumb","itemListElement":[{"@type":"ListItem","position":1,"name":"Strona g\u0142\u00f3wna","item":"https:\/\/nck.krakow.pl\/galeriacentrum\/"},{"@type":"ListItem","position":2,"name":"\u201e\u0141\u0105ka\u201d"}]},{"@type":"WebSite","@id":"https:\/\/nck.krakow.pl\/galeriacentrum\/#website","url":"https:\/\/nck.krakow.pl\/galeriacentrum\/","name":"Galeria CENTRUM","description":"Galeria Centrum","potentialAction":[{"@type":"SearchAction","target":{"@type":"EntryPoint","urlTemplate":"https:\/\/nck.krakow.pl\/galeriacentrum\/?s={search_term_string}"},"query-input":"required name=search_term_string"}],"inLanguage":"pl-PL"},{"@type":"Person","@id":"https:\/\/nck.krakow.pl\/galeriacentrum\/#\/schema\/person\/563c655e7f8cea2c4a5e30b62aad544b","name":"admin","image":{"@type":"ImageObject","inLanguage":"pl-PL","@id":"https:\/\/nck.krakow.pl\/galeriacentrum\/#\/schema\/person\/image\/","url":"https:\/\/secure.gravatar.com\/avatar\/3753dfce494871fdf8ea4a271450f78c?s=96&d=mm&r=g","contentUrl":"https:\/\/secure.gravatar.com\/avatar\/3753dfce494871fdf8ea4a271450f78c?s=96&d=mm&r=g","caption":"admin"},"url":"https:\/\/nck.krakow.pl\/galeriacentrum\/author\/admin\/"}]}},"_links":{"self":[{"href":"https:\/\/nck.krakow.pl\/galeriacentrum\/wp-json\/wp\/v2\/posts\/1429"}],"collection":[{"href":"https:\/\/nck.krakow.pl\/galeriacentrum\/wp-json\/wp\/v2\/posts"}],"about":[{"href":"https:\/\/nck.krakow.pl\/galeriacentrum\/wp-json\/wp\/v2\/types\/post"}],"author":[{"embeddable":true,"href":"https:\/\/nck.krakow.pl\/galeriacentrum\/wp-json\/wp\/v2\/users\/1"}],"replies":[{"embeddable":true,"href":"https:\/\/nck.krakow.pl\/galeriacentrum\/wp-json\/wp\/v2\/comments?post=1429"}],"version-history":[{"count":2,"href":"https:\/\/nck.krakow.pl\/galeriacentrum\/wp-json\/wp\/v2\/posts\/1429\/revisions"}],"predecessor-version":[{"id":1431,"href":"https:\/\/nck.krakow.pl\/galeriacentrum\/wp-json\/wp\/v2\/posts\/1429\/revisions\/1431"}],"wp:featuredmedia":[{"embeddable":true,"href":"https:\/\/nck.krakow.pl\/galeriacentrum\/wp-json\/wp\/v2\/media\/1681"}],"wp:attachment":[{"href":"https:\/\/nck.krakow.pl\/galeriacentrum\/wp-json\/wp\/v2\/media?parent=1429"}],"wp:term":[{"taxonomy":"category","embeddable":true,"href":"https:\/\/nck.krakow.pl\/galeriacentrum\/wp-json\/wp\/v2\/categories?post=1429"},{"taxonomy":"post_tag","embeddable":true,"href":"https:\/\/nck.krakow.pl\/galeriacentrum\/wp-json\/wp\/v2\/tags?post=1429"}],"curies":[{"name":"wp","href":"https:\/\/api.w.org\/{rel}","templated":true}]}}