{"id":1388,"date":"2015-03-31T08:22:08","date_gmt":"2015-03-31T08:22:08","guid":{"rendered":"http:\/\/centrum.nck.krakow.pl\/?p=1388"},"modified":"2017-02-23T09:55:37","modified_gmt":"2017-02-23T09:55:37","slug":"tomek-mistak","status":"publish","type":"post","link":"https:\/\/nck.krakow.pl\/galeriacentrum\/tomek-mistak\/","title":{"rendered":"Tomek Mistak"},"content":{"rendered":"<div class=\"wrap\">\n<h1>Tomek Mistak<\/h1>\n<\/div>\n<p>&nbsp;<\/p>\n<p>&nbsp;<\/p>\n<div class=\"wrap\">\n<p>\u201eZanurzenie\u201d<\/p>\n<div id=\"filter\"><\/div>\n<p>31-3-2015 \/ 29-4-2015<\/p>\n<p>Budynek A.<strong><br \/>\n<\/strong><\/p>\n<p><em>(\u2026) Tw\u00f3rczo\u015b\u0107 artysty pokazuje, \u017ce je\u015bli tylko potrafimy spojrze\u0107 g\u0142\u0119biej, niepowierzchownie ujrzymy efektowny obraz tam, gdzie najmniej spodziewamy si\u0119 go zobaczy\u0107. Okazuje si\u0119, \u017ce zainspirowa\u0107 mo\u017ce proste narz\u0119dzie, detal architektoniczny, kompleks budynk\u00f3w, a nawet zrujnowany wrak. To tylko kilka zjawisk wartych uwagi. Bo je\u017celi na chwil\u0119 uda nam si\u0119 zapomnie\u0107 o ich funkcji, to podobnie jak artysta dostrze\u017cemy w nich uk\u0142ad bry\u0142, linii, plam barwnych, czyli czyst\u0105 form\u0119 malarsk\u0105. Jednak b\u0142\u0119dem by\u0142oby zatrzymanie si\u0119 wy\u0142\u0105cznie na walorach wizualnych p\u0142\u00f3cien. Ka\u017cdy z cykli niesie g\u0142\u0119bok\u0105 prawd\u0119 o nas samych i naszej kulturze. Wszystko w tych obrazach jest z\u0142udzeniem, kt\u00f3remu ulegamy patrz\u0105c. To, co wydaje si\u0119 by\u0107 twardym betonem, okazuje si\u0119 warstwami delikatnego laserunku, \u0142uszcz\u0105ce si\u0119 powierzchnie wrak\u00f3w s\u0105 r\u00f3wnie\u017c zatrzyman\u0105 w czasie iluzj\u0105. Przedmioty trwa\u0142e i niezmienne w rzeczywisto\u015bci, jak pot\u0119\u017cne statki czy miejskie gmachy, okazuj\u0105 si\u0119 cz\u0119sto bardziej kruche i poddane przemijaniu ni\u017c przypuszczamy. R\u00f3wnie zmienne i relatywne s\u0105 znaczenia, jakie im si\u0119 nadaje. Cz\u0142owiek dzi\u015b tworzy, a jutro porzuca swe dzie\u0142a, nie dbaj\u0105c o ich dalszy los. Artysta poniek\u0105d przed\u0142u\u017ca ich \u017cycie i nadaje mu nowy sens. Subtelna materia malarstwa pozwala uwieczni\u0107 to, co odchodzi w zapomnienie. Prace Tomka Mistaka mo\u017cemy odczytywa\u0107 wi\u0119c\u00a0 jako refleksj\u0119 nad istot\u0105 trwania i nieuchronno\u015bci\u0105 przemijania, kt\u00f3re nie prowadzi do niebytu, lecz do przemiany.<\/em><\/p>\n<p>Fragment tekstu do katalogu<br \/>\nAgata Sulikowska-Dejena<\/p>\n<p><strong>Tomek Mistak<\/strong> urodzony w 1978 roku w Sanoku. W roku 2005 uzyska\u0142 dyplom w pracowni malarstwa profesora Stanis\u0142awa Bia\u0142og\u0142owicza, w Instytucie Sztuk Pi\u0119knych Uniwersytetu Rzeszowskiego. Uprawia malarstwo sztalugowe, g\u0142\u00f3wnie akryl na p\u0142\u00f3tnie. Mieszka i pracuje w Sanoku.<\/p>\n<p>Galeria zdj\u0119\u0107:<\/p>\n<\/div>\n<div class=\"wrap\"><\/div>\n<div class=\"wrap\">\n<div id=\"freewall\" class=\"free-wall-1\" data-min-width=\"2640\" data-total-col=\"3\" data-total-row=\"163\" data-wall-width=\"636\" data-wall-height=\"148\">\n<div id=\"1-2\" class=\"box\" data-delay=\"1\" data-height=\"102\" data-width=\"150\" data-state=\"start\"><a class=\"fancybox-effects-c\" title=\"Tomek Mistak \/ End, 80x120 cm, akryl na p\u0142\u00f3tnie, 2014 r.\" href=\"http:\/\/www.adm.grades.com.pl\/modules\/gallery\/file-uploader-master\/server\/uploads\/galeriacentrum\/6d8f973deb20092e6e229ce83db7834c.jpg\" data-fancybox-group=\"gallery\"><img decoding=\"async\" src=\"http:\/\/www.adm.grades.com.pl\/modules\/gallery\/file-uploader-master\/server\/uploads\/galeriacentrum\/6d8f973deb20092e6e229ce83db7834c.jpg\" alt=\"\" \/><\/a><\/div>\n<div class=\"box\" data-delay=\"1\" data-height=\"102\" data-width=\"150\" data-state=\"start\"><\/div>\n<div id=\"2-2\" class=\"box\" data-delay=\"2\" data-height=\"106\" data-width=\"150\" data-state=\"start\"><a class=\"fancybox-effects-c\" title=\"Tomek Mistak \/ Tadek, 90x130 cm, akryl na p\u0142\u00f3tnie, 2014 r.\" href=\"http:\/\/www.adm.grades.com.pl\/modules\/gallery\/file-uploader-master\/server\/uploads\/galeriacentrum\/85b20c2c6e936d2c6b1546cc3498ce36.jpg\" data-fancybox-group=\"gallery\"><img decoding=\"async\" src=\"http:\/\/www.adm.grades.com.pl\/modules\/gallery\/file-uploader-master\/server\/uploads\/galeriacentrum\/85b20c2c6e936d2c6b1546cc3498ce36.jpg\" alt=\"\" \/><\/a><\/div>\n<div class=\"box\" data-delay=\"2\" data-height=\"106\" data-width=\"150\" data-state=\"start\"><\/div>\n<div id=\"3-2\" class=\"box\" data-delay=\"3\" data-height=\"110\" data-width=\"150\" data-state=\"start\"><a class=\"fancybox-effects-c\" title=\"Tomek Mistak \/ Wrak, 90x130 cm, akryl na p\u0142\u00f3tnie, 2012 r.\" href=\"http:\/\/www.adm.grades.com.pl\/modules\/gallery\/file-uploader-master\/server\/uploads\/galeriacentrum\/9fb89dc51546961c1560defdedb2aa21.jpg\" data-fancybox-group=\"gallery\"><img decoding=\"async\" src=\"http:\/\/www.adm.grades.com.pl\/modules\/gallery\/file-uploader-master\/server\/uploads\/galeriacentrum\/9fb89dc51546961c1560defdedb2aa21.jpg\" alt=\"\" \/><\/a><\/div>\n<\/div>\n<\/div>\n","protected":false},"excerpt":{"rendered":"<p>Tomek Mistak &nbsp; &nbsp; \u201eZanurzenie\u201d 31-3-2015 \/ 29-4-2015 Budynek A. (\u2026) Tw\u00f3rczo\u015b\u0107 artysty pokazuje, \u017ce je\u015bli tylko potrafimy spojrze\u0107 g\u0142\u0119biej, niepowierzchownie ujrzymy efektowny obraz tam, gdzie najmniej spodziewamy si\u0119 go zobaczy\u0107. Okazuje si\u0119, \u017ce zainspirowa\u0107 mo\u017ce proste narz\u0119dzie, detal architektoniczny, kompleks budynk\u00f3w, a nawet zrujnowany wrak. To tylko kilka zjawisk wartych uwagi. Bo je\u017celi na<a class=\"moretag\" href=\"https:\/\/nck.krakow.pl\/galeriacentrum\/tomek-mistak\/\"><span class=\"screen-reader-text\">Wi\u0119cej oTomek Mistak<\/span>[&#8230;]<\/a><\/p>\n","protected":false},"author":1,"featured_media":1679,"comment_status":"closed","ping_status":"open","sticky":false,"template":"","format":"standard","meta":{"footnotes":""},"categories":[46,5,2],"tags":[],"class_list":["post-1388","post","type-post","status-publish","format-standard","has-post-thumbnail","hentry","category-46","category-malarstwo","category-wystawy"],"yoast_head":"<!-- This site is optimized with the Yoast SEO plugin v19.12 - https:\/\/yoast.com\/wordpress\/plugins\/seo\/ -->\n<title>Tomek Mistak - Galeria CENTRUM<\/title>\n<meta name=\"robots\" content=\"index, follow, max-snippet:-1, max-image-preview:large, max-video-preview:-1\" \/>\n<link rel=\"canonical\" href=\"https:\/\/nck.krakow.pl\/galeriacentrum\/tomek-mistak\/\" \/>\n<meta property=\"og:locale\" content=\"pl_PL\" \/>\n<meta property=\"og:type\" content=\"article\" \/>\n<meta property=\"og:title\" content=\"Tomek Mistak - Galeria CENTRUM\" \/>\n<meta property=\"og:description\" content=\"Tomek Mistak &nbsp; &nbsp; \u201eZanurzenie\u201d 31-3-2015 \/ 29-4-2015 Budynek A. (\u2026) Tw\u00f3rczo\u015b\u0107 artysty pokazuje, \u017ce je\u015bli tylko potrafimy spojrze\u0107 g\u0142\u0119biej, niepowierzchownie ujrzymy efektowny obraz tam, gdzie najmniej spodziewamy si\u0119 go zobaczy\u0107. Okazuje si\u0119, \u017ce zainspirowa\u0107 mo\u017ce proste narz\u0119dzie, detal architektoniczny, kompleks budynk\u00f3w, a nawet zrujnowany wrak. To tylko kilka zjawisk wartych uwagi. Bo je\u017celi naWi\u0119cej oTomek Mistak[...]\" \/>\n<meta property=\"og:url\" content=\"https:\/\/nck.krakow.pl\/galeriacentrum\/tomek-mistak\/\" \/>\n<meta property=\"og:site_name\" content=\"Galeria CENTRUM\" \/>\n<meta property=\"article:published_time\" content=\"2015-03-31T08:22:08+00:00\" \/>\n<meta property=\"article:modified_time\" content=\"2017-02-23T09:55:37+00:00\" \/>\n<meta property=\"og:image\" content=\"https:\/\/nck.krakow.pl\/galeriacentrum\/wp-content\/uploads\/2015\/03\/Projekt-bez-tytu\u0142u-1.jpg\" \/>\n\t<meta property=\"og:image:width\" content=\"1024\" \/>\n\t<meta property=\"og:image:height\" content=\"512\" \/>\n\t<meta property=\"og:image:type\" content=\"image\/jpeg\" \/>\n<meta name=\"author\" content=\"admin\" \/>\n<meta name=\"twitter:card\" content=\"summary_large_image\" \/>\n<meta name=\"twitter:label1\" content=\"Written by\" \/>\n\t<meta name=\"twitter:data1\" content=\"admin\" \/>\n\t<meta name=\"twitter:label2\" content=\"Est. reading time\" \/>\n\t<meta name=\"twitter:data2\" content=\"2 minuty\" \/>\n<script type=\"application\/ld+json\" class=\"yoast-schema-graph\">{\"@context\":\"https:\/\/schema.org\",\"@graph\":[{\"@type\":\"WebPage\",\"@id\":\"https:\/\/nck.krakow.pl\/galeriacentrum\/tomek-mistak\/\",\"url\":\"https:\/\/nck.krakow.pl\/galeriacentrum\/tomek-mistak\/\",\"name\":\"Tomek Mistak - Galeria CENTRUM\",\"isPartOf\":{\"@id\":\"https:\/\/nck.krakow.pl\/galeriacentrum\/#website\"},\"datePublished\":\"2015-03-31T08:22:08+00:00\",\"dateModified\":\"2017-02-23T09:55:37+00:00\",\"author\":{\"@id\":\"https:\/\/nck.krakow.pl\/galeriacentrum\/#\/schema\/person\/563c655e7f8cea2c4a5e30b62aad544b\"},\"breadcrumb\":{\"@id\":\"https:\/\/nck.krakow.pl\/galeriacentrum\/tomek-mistak\/#breadcrumb\"},\"inLanguage\":\"pl-PL\",\"potentialAction\":[{\"@type\":\"ReadAction\",\"target\":[\"https:\/\/nck.krakow.pl\/galeriacentrum\/tomek-mistak\/\"]}]},{\"@type\":\"BreadcrumbList\",\"@id\":\"https:\/\/nck.krakow.pl\/galeriacentrum\/tomek-mistak\/#breadcrumb\",\"itemListElement\":[{\"@type\":\"ListItem\",\"position\":1,\"name\":\"Strona g\u0142\u00f3wna\",\"item\":\"https:\/\/nck.krakow.pl\/galeriacentrum\/\"},{\"@type\":\"ListItem\",\"position\":2,\"name\":\"Tomek Mistak\"}]},{\"@type\":\"WebSite\",\"@id\":\"https:\/\/nck.krakow.pl\/galeriacentrum\/#website\",\"url\":\"https:\/\/nck.krakow.pl\/galeriacentrum\/\",\"name\":\"Galeria CENTRUM\",\"description\":\"Galeria Centrum\",\"potentialAction\":[{\"@type\":\"SearchAction\",\"target\":{\"@type\":\"EntryPoint\",\"urlTemplate\":\"https:\/\/nck.krakow.pl\/galeriacentrum\/?s={search_term_string}\"},\"query-input\":\"required name=search_term_string\"}],\"inLanguage\":\"pl-PL\"},{\"@type\":\"Person\",\"@id\":\"https:\/\/nck.krakow.pl\/galeriacentrum\/#\/schema\/person\/563c655e7f8cea2c4a5e30b62aad544b\",\"name\":\"admin\",\"image\":{\"@type\":\"ImageObject\",\"inLanguage\":\"pl-PL\",\"@id\":\"https:\/\/nck.krakow.pl\/galeriacentrum\/#\/schema\/person\/image\/\",\"url\":\"https:\/\/secure.gravatar.com\/avatar\/3753dfce494871fdf8ea4a271450f78c?s=96&d=mm&r=g\",\"contentUrl\":\"https:\/\/secure.gravatar.com\/avatar\/3753dfce494871fdf8ea4a271450f78c?s=96&d=mm&r=g\",\"caption\":\"admin\"},\"url\":\"https:\/\/nck.krakow.pl\/galeriacentrum\/author\/admin\/\"}]}<\/script>\n<!-- \/ Yoast SEO plugin. -->","yoast_head_json":{"title":"Tomek Mistak - Galeria CENTRUM","robots":{"index":"index","follow":"follow","max-snippet":"max-snippet:-1","max-image-preview":"max-image-preview:large","max-video-preview":"max-video-preview:-1"},"canonical":"https:\/\/nck.krakow.pl\/galeriacentrum\/tomek-mistak\/","og_locale":"pl_PL","og_type":"article","og_title":"Tomek Mistak - Galeria CENTRUM","og_description":"Tomek Mistak &nbsp; &nbsp; \u201eZanurzenie\u201d 31-3-2015 \/ 29-4-2015 Budynek A. (\u2026) Tw\u00f3rczo\u015b\u0107 artysty pokazuje, \u017ce je\u015bli tylko potrafimy spojrze\u0107 g\u0142\u0119biej, niepowierzchownie ujrzymy efektowny obraz tam, gdzie najmniej spodziewamy si\u0119 go zobaczy\u0107. Okazuje si\u0119, \u017ce zainspirowa\u0107 mo\u017ce proste narz\u0119dzie, detal architektoniczny, kompleks budynk\u00f3w, a nawet zrujnowany wrak. To tylko kilka zjawisk wartych uwagi. Bo je\u017celi naWi\u0119cej oTomek Mistak[...]","og_url":"https:\/\/nck.krakow.pl\/galeriacentrum\/tomek-mistak\/","og_site_name":"Galeria CENTRUM","article_published_time":"2015-03-31T08:22:08+00:00","article_modified_time":"2017-02-23T09:55:37+00:00","og_image":[{"width":1024,"height":512,"url":"https:\/\/nck.krakow.pl\/galeriacentrum\/wp-content\/uploads\/2015\/03\/Projekt-bez-tytu\u0142u-1.jpg","type":"image\/jpeg"}],"author":"admin","twitter_card":"summary_large_image","twitter_misc":{"Written by":"admin","Est. reading time":"2 minuty"},"schema":{"@context":"https:\/\/schema.org","@graph":[{"@type":"WebPage","@id":"https:\/\/nck.krakow.pl\/galeriacentrum\/tomek-mistak\/","url":"https:\/\/nck.krakow.pl\/galeriacentrum\/tomek-mistak\/","name":"Tomek Mistak - Galeria CENTRUM","isPartOf":{"@id":"https:\/\/nck.krakow.pl\/galeriacentrum\/#website"},"datePublished":"2015-03-31T08:22:08+00:00","dateModified":"2017-02-23T09:55:37+00:00","author":{"@id":"https:\/\/nck.krakow.pl\/galeriacentrum\/#\/schema\/person\/563c655e7f8cea2c4a5e30b62aad544b"},"breadcrumb":{"@id":"https:\/\/nck.krakow.pl\/galeriacentrum\/tomek-mistak\/#breadcrumb"},"inLanguage":"pl-PL","potentialAction":[{"@type":"ReadAction","target":["https:\/\/nck.krakow.pl\/galeriacentrum\/tomek-mistak\/"]}]},{"@type":"BreadcrumbList","@id":"https:\/\/nck.krakow.pl\/galeriacentrum\/tomek-mistak\/#breadcrumb","itemListElement":[{"@type":"ListItem","position":1,"name":"Strona g\u0142\u00f3wna","item":"https:\/\/nck.krakow.pl\/galeriacentrum\/"},{"@type":"ListItem","position":2,"name":"Tomek Mistak"}]},{"@type":"WebSite","@id":"https:\/\/nck.krakow.pl\/galeriacentrum\/#website","url":"https:\/\/nck.krakow.pl\/galeriacentrum\/","name":"Galeria CENTRUM","description":"Galeria Centrum","potentialAction":[{"@type":"SearchAction","target":{"@type":"EntryPoint","urlTemplate":"https:\/\/nck.krakow.pl\/galeriacentrum\/?s={search_term_string}"},"query-input":"required name=search_term_string"}],"inLanguage":"pl-PL"},{"@type":"Person","@id":"https:\/\/nck.krakow.pl\/galeriacentrum\/#\/schema\/person\/563c655e7f8cea2c4a5e30b62aad544b","name":"admin","image":{"@type":"ImageObject","inLanguage":"pl-PL","@id":"https:\/\/nck.krakow.pl\/galeriacentrum\/#\/schema\/person\/image\/","url":"https:\/\/secure.gravatar.com\/avatar\/3753dfce494871fdf8ea4a271450f78c?s=96&d=mm&r=g","contentUrl":"https:\/\/secure.gravatar.com\/avatar\/3753dfce494871fdf8ea4a271450f78c?s=96&d=mm&r=g","caption":"admin"},"url":"https:\/\/nck.krakow.pl\/galeriacentrum\/author\/admin\/"}]}},"_links":{"self":[{"href":"https:\/\/nck.krakow.pl\/galeriacentrum\/wp-json\/wp\/v2\/posts\/1388"}],"collection":[{"href":"https:\/\/nck.krakow.pl\/galeriacentrum\/wp-json\/wp\/v2\/posts"}],"about":[{"href":"https:\/\/nck.krakow.pl\/galeriacentrum\/wp-json\/wp\/v2\/types\/post"}],"author":[{"embeddable":true,"href":"https:\/\/nck.krakow.pl\/galeriacentrum\/wp-json\/wp\/v2\/users\/1"}],"replies":[{"embeddable":true,"href":"https:\/\/nck.krakow.pl\/galeriacentrum\/wp-json\/wp\/v2\/comments?post=1388"}],"version-history":[{"count":2,"href":"https:\/\/nck.krakow.pl\/galeriacentrum\/wp-json\/wp\/v2\/posts\/1388\/revisions"}],"predecessor-version":[{"id":1680,"href":"https:\/\/nck.krakow.pl\/galeriacentrum\/wp-json\/wp\/v2\/posts\/1388\/revisions\/1680"}],"wp:featuredmedia":[{"embeddable":true,"href":"https:\/\/nck.krakow.pl\/galeriacentrum\/wp-json\/wp\/v2\/media\/1679"}],"wp:attachment":[{"href":"https:\/\/nck.krakow.pl\/galeriacentrum\/wp-json\/wp\/v2\/media?parent=1388"}],"wp:term":[{"taxonomy":"category","embeddable":true,"href":"https:\/\/nck.krakow.pl\/galeriacentrum\/wp-json\/wp\/v2\/categories?post=1388"},{"taxonomy":"post_tag","embeddable":true,"href":"https:\/\/nck.krakow.pl\/galeriacentrum\/wp-json\/wp\/v2\/tags?post=1388"}],"curies":[{"name":"wp","href":"https:\/\/api.w.org\/{rel}","templated":true}]}}