{"id":1232,"date":"2010-10-12T14:08:50","date_gmt":"2010-10-12T14:08:50","guid":{"rendered":"http:\/\/centrum.nck.krakow.pl\/?p=1232"},"modified":"2017-02-27T11:55:26","modified_gmt":"2017-02-27T11:55:26","slug":"ewa-mann","status":"publish","type":"post","link":"https:\/\/nck.krakow.pl\/galeriacentrum\/ewa-mann\/","title":{"rendered":"Ewa Mann"},"content":{"rendered":"<div class=\"wrap\">\n<h1>Ewa Mann<\/h1>\n<h2><\/h2>\n<div id=\"filter\"><\/div>\n<p>12-10-2010 \/ 2-11-2010<\/p>\n<p>Budynek\u00a0B.<strong><br \/>\n<\/strong><\/p>\n<p>Ewa Mann powr\u00f3ci\u0142a do Krakowa po d\u0142ugich latach nieobecno\u015bci. W 2009 roku zaprezentowa\u0142a swoje pastele w galerii Piano Nobile.<br \/>\nAbsolwentka krakowskiej ASP wyjecha\u0142a do Londynu w 1981 r. Wkr\u00f3tce sta\u0142a si\u0119 wsp\u00f3\u0142tw\u00f3rc\u0105 polsko-brytyjskiej grupy artyst\u00f3w \u201eBigos\u201d.<br \/>\nAnglicy wymawiali t\u0119 nazw\u0119 bezb\u0142\u0119dnie, o czym mo\u017cna by\u0142o przekona\u0107 si\u0119 podczas objazdowej wystawy grupy po Polsce. Na prze\u0142omie lat 80 i 90.<br \/>\nW 1990 r. Ewa Mann zamieni\u0142a Londyn na miejscowo\u015b\u0107 w Walii Glascwm.<br \/>\nW Glascwm Ewa Mann prowadzi\u0142a zaj\u0119cia z rysunku na uczelniach artystycznych i zajmowa\u0142a si\u0119 propagowaniem kuchni polskiej w cotygodniowej rubryce kulinarnej.<br \/>\nOczywi\u015bcie, nie zaniedbywa\u0142a w\u0142asnej pracy tw\u00f3rczej i mia\u0142a sporo wystaw, w tym trzy w Krakowie.<br \/>\nObecna prezentacja w Galerii Centrum jest pi\u0105t\u0105 krakowsk\u0105 i zarazem drug\u0105 po powrocie.<\/p>\n<p>Galeria zdj\u0119\u0107:<\/p>\n<\/div>\n<div class=\"wrap\"><\/div>\n<div class=\"wrap\">\n<div id=\"freewall\" class=\"free-wall-1\" data-min-width=\"2640\" data-total-col=\"3\" data-total-row=\"407\" data-wall-width=\"636\" data-wall-height=\"392\">\n<div id=\"1-2\" class=\"box\" data-delay=\"1\" data-height=\"107\" data-width=\"150\" data-state=\"start\"><\/div>\n<div class=\"box\" data-delay=\"1\" data-height=\"107\" data-width=\"150\" data-state=\"start\"><a class=\"fancybox-effects-c\" title=\"Ewa Mann \/ \" href=\"http:\/\/www.adm.grades.com.pl\/modules\/gallery\/file-uploader-master\/server\/uploads\/galeriacentrum\/df41c7bcf1c9265fa5eb30f86e83427f.jpg\" data-fancybox-group=\"gallery\"><img decoding=\"async\" src=\"http:\/\/www.adm.grades.com.pl\/modules\/gallery\/file-uploader-master\/server\/uploads\/galeriacentrum\/df41c7bcf1c9265fa5eb30f86e83427f.jpg\" alt=\"\" \/><\/a><\/div>\n<div class=\"box\" data-delay=\"1\" data-height=\"107\" data-width=\"150\" data-state=\"start\"><\/div>\n<div id=\"2-2\" class=\"box\" data-delay=\"2\" data-height=\"289\" data-width=\"150\" data-state=\"start\"><a class=\"fancybox-effects-c\" title=\"Ewa Mann \/ \" href=\"http:\/\/www.adm.grades.com.pl\/modules\/gallery\/file-uploader-master\/server\/uploads\/galeriacentrum\/cd956412763747fb11cdef7754493b92.jpg\" data-fancybox-group=\"gallery\"><img decoding=\"async\" src=\"http:\/\/www.adm.grades.com.pl\/modules\/gallery\/file-uploader-master\/server\/uploads\/galeriacentrum\/cd956412763747fb11cdef7754493b92.jpg\" alt=\"\" \/><\/a><\/div>\n<div class=\"box\" data-delay=\"2\" data-height=\"289\" data-width=\"150\" data-state=\"start\"><\/div>\n<div id=\"3-2\" class=\"box\" data-delay=\"3\" data-height=\"291\" data-width=\"150\" data-state=\"start\"><a class=\"fancybox-effects-c\" title=\"Ewa Mann \/ \" href=\"http:\/\/www.adm.grades.com.pl\/modules\/gallery\/file-uploader-master\/server\/uploads\/galeriacentrum\/94a0c86b58faa86c9bc46330e4461824.jpg\" data-fancybox-group=\"gallery\"><img decoding=\"async\" src=\"http:\/\/www.adm.grades.com.pl\/modules\/gallery\/file-uploader-master\/server\/uploads\/galeriacentrum\/94a0c86b58faa86c9bc46330e4461824.jpg\" alt=\"\" \/><\/a><\/div>\n<\/div>\n<\/div>\n","protected":false},"excerpt":{"rendered":"<p>Ewa Mann 12-10-2010 \/ 2-11-2010 Budynek\u00a0B. Ewa Mann powr\u00f3ci\u0142a do Krakowa po d\u0142ugich latach nieobecno\u015bci. W 2009 roku zaprezentowa\u0142a swoje pastele w galerii Piano Nobile. Absolwentka krakowskiej ASP wyjecha\u0142a do Londynu w 1981 r. Wkr\u00f3tce sta\u0142a si\u0119 wsp\u00f3\u0142tw\u00f3rc\u0105 polsko-brytyjskiej grupy artyst\u00f3w \u201eBigos\u201d. Anglicy wymawiali t\u0119 nazw\u0119 bezb\u0142\u0119dnie, o czym mo\u017cna by\u0142o przekona\u0107 si\u0119 podczas objazdowej<a class=\"moretag\" href=\"https:\/\/nck.krakow.pl\/galeriacentrum\/ewa-mann\/\"><span class=\"screen-reader-text\">Wi\u0119cej oEwa Mann<\/span>[&#8230;]<\/a><\/p>\n","protected":false},"author":1,"featured_media":1903,"comment_status":"closed","ping_status":"open","sticky":false,"template":"","format":"standard","meta":{"footnotes":""},"categories":[41,5,2],"tags":[],"class_list":["post-1232","post","type-post","status-publish","format-standard","has-post-thumbnail","hentry","category-41","category-malarstwo","category-wystawy"],"yoast_head":"<!-- This site is optimized with the Yoast SEO plugin v19.12 - https:\/\/yoast.com\/wordpress\/plugins\/seo\/ -->\n<title>Ewa Mann - Galeria CENTRUM<\/title>\n<meta name=\"robots\" content=\"index, follow, max-snippet:-1, max-image-preview:large, max-video-preview:-1\" \/>\n<link rel=\"canonical\" href=\"https:\/\/nck.krakow.pl\/galeriacentrum\/ewa-mann\/\" \/>\n<meta property=\"og:locale\" content=\"pl_PL\" \/>\n<meta property=\"og:type\" content=\"article\" \/>\n<meta property=\"og:title\" content=\"Ewa Mann - Galeria CENTRUM\" \/>\n<meta property=\"og:description\" content=\"Ewa Mann 12-10-2010 \/ 2-11-2010 Budynek\u00a0B. Ewa Mann powr\u00f3ci\u0142a do Krakowa po d\u0142ugich latach nieobecno\u015bci. W 2009 roku zaprezentowa\u0142a swoje pastele w galerii Piano Nobile. Absolwentka krakowskiej ASP wyjecha\u0142a do Londynu w 1981 r. Wkr\u00f3tce sta\u0142a si\u0119 wsp\u00f3\u0142tw\u00f3rc\u0105 polsko-brytyjskiej grupy artyst\u00f3w \u201eBigos\u201d. Anglicy wymawiali t\u0119 nazw\u0119 bezb\u0142\u0119dnie, o czym mo\u017cna by\u0142o przekona\u0107 si\u0119 podczas objazdowejWi\u0119cej oEwa Mann[...]\" \/>\n<meta property=\"og:url\" content=\"https:\/\/nck.krakow.pl\/galeriacentrum\/ewa-mann\/\" \/>\n<meta property=\"og:site_name\" content=\"Galeria CENTRUM\" \/>\n<meta property=\"article:published_time\" content=\"2010-10-12T14:08:50+00:00\" \/>\n<meta property=\"article:modified_time\" content=\"2017-02-27T11:55:26+00:00\" \/>\n<meta property=\"og:image\" content=\"https:\/\/nck.krakow.pl\/galeriacentrum\/wp-content\/uploads\/2010\/10\/Projekt-bez-tytu\u0142u-52.jpg\" \/>\n\t<meta property=\"og:image:width\" content=\"1024\" \/>\n\t<meta property=\"og:image:height\" content=\"512\" \/>\n\t<meta property=\"og:image:type\" content=\"image\/jpeg\" \/>\n<meta name=\"author\" content=\"admin\" \/>\n<meta name=\"twitter:card\" content=\"summary_large_image\" \/>\n<meta name=\"twitter:label1\" content=\"Written by\" \/>\n\t<meta name=\"twitter:data1\" content=\"admin\" \/>\n\t<meta name=\"twitter:label2\" content=\"Est. reading time\" \/>\n\t<meta name=\"twitter:data2\" content=\"1 minuta\" \/>\n<script type=\"application\/ld+json\" class=\"yoast-schema-graph\">{\"@context\":\"https:\/\/schema.org\",\"@graph\":[{\"@type\":\"WebPage\",\"@id\":\"https:\/\/nck.krakow.pl\/galeriacentrum\/ewa-mann\/\",\"url\":\"https:\/\/nck.krakow.pl\/galeriacentrum\/ewa-mann\/\",\"name\":\"Ewa Mann - Galeria CENTRUM\",\"isPartOf\":{\"@id\":\"https:\/\/nck.krakow.pl\/galeriacentrum\/#website\"},\"datePublished\":\"2010-10-12T14:08:50+00:00\",\"dateModified\":\"2017-02-27T11:55:26+00:00\",\"author\":{\"@id\":\"https:\/\/nck.krakow.pl\/galeriacentrum\/#\/schema\/person\/563c655e7f8cea2c4a5e30b62aad544b\"},\"breadcrumb\":{\"@id\":\"https:\/\/nck.krakow.pl\/galeriacentrum\/ewa-mann\/#breadcrumb\"},\"inLanguage\":\"pl-PL\",\"potentialAction\":[{\"@type\":\"ReadAction\",\"target\":[\"https:\/\/nck.krakow.pl\/galeriacentrum\/ewa-mann\/\"]}]},{\"@type\":\"BreadcrumbList\",\"@id\":\"https:\/\/nck.krakow.pl\/galeriacentrum\/ewa-mann\/#breadcrumb\",\"itemListElement\":[{\"@type\":\"ListItem\",\"position\":1,\"name\":\"Strona g\u0142\u00f3wna\",\"item\":\"https:\/\/nck.krakow.pl\/galeriacentrum\/\"},{\"@type\":\"ListItem\",\"position\":2,\"name\":\"Ewa Mann\"}]},{\"@type\":\"WebSite\",\"@id\":\"https:\/\/nck.krakow.pl\/galeriacentrum\/#website\",\"url\":\"https:\/\/nck.krakow.pl\/galeriacentrum\/\",\"name\":\"Galeria CENTRUM\",\"description\":\"Galeria Centrum\",\"potentialAction\":[{\"@type\":\"SearchAction\",\"target\":{\"@type\":\"EntryPoint\",\"urlTemplate\":\"https:\/\/nck.krakow.pl\/galeriacentrum\/?s={search_term_string}\"},\"query-input\":\"required name=search_term_string\"}],\"inLanguage\":\"pl-PL\"},{\"@type\":\"Person\",\"@id\":\"https:\/\/nck.krakow.pl\/galeriacentrum\/#\/schema\/person\/563c655e7f8cea2c4a5e30b62aad544b\",\"name\":\"admin\",\"image\":{\"@type\":\"ImageObject\",\"inLanguage\":\"pl-PL\",\"@id\":\"https:\/\/nck.krakow.pl\/galeriacentrum\/#\/schema\/person\/image\/\",\"url\":\"https:\/\/secure.gravatar.com\/avatar\/3753dfce494871fdf8ea4a271450f78c?s=96&d=mm&r=g\",\"contentUrl\":\"https:\/\/secure.gravatar.com\/avatar\/3753dfce494871fdf8ea4a271450f78c?s=96&d=mm&r=g\",\"caption\":\"admin\"},\"url\":\"https:\/\/nck.krakow.pl\/galeriacentrum\/author\/admin\/\"}]}<\/script>\n<!-- \/ Yoast SEO plugin. -->","yoast_head_json":{"title":"Ewa Mann - Galeria CENTRUM","robots":{"index":"index","follow":"follow","max-snippet":"max-snippet:-1","max-image-preview":"max-image-preview:large","max-video-preview":"max-video-preview:-1"},"canonical":"https:\/\/nck.krakow.pl\/galeriacentrum\/ewa-mann\/","og_locale":"pl_PL","og_type":"article","og_title":"Ewa Mann - Galeria CENTRUM","og_description":"Ewa Mann 12-10-2010 \/ 2-11-2010 Budynek\u00a0B. Ewa Mann powr\u00f3ci\u0142a do Krakowa po d\u0142ugich latach nieobecno\u015bci. W 2009 roku zaprezentowa\u0142a swoje pastele w galerii Piano Nobile. Absolwentka krakowskiej ASP wyjecha\u0142a do Londynu w 1981 r. Wkr\u00f3tce sta\u0142a si\u0119 wsp\u00f3\u0142tw\u00f3rc\u0105 polsko-brytyjskiej grupy artyst\u00f3w \u201eBigos\u201d. Anglicy wymawiali t\u0119 nazw\u0119 bezb\u0142\u0119dnie, o czym mo\u017cna by\u0142o przekona\u0107 si\u0119 podczas objazdowejWi\u0119cej oEwa Mann[...]","og_url":"https:\/\/nck.krakow.pl\/galeriacentrum\/ewa-mann\/","og_site_name":"Galeria CENTRUM","article_published_time":"2010-10-12T14:08:50+00:00","article_modified_time":"2017-02-27T11:55:26+00:00","og_image":[{"width":1024,"height":512,"url":"https:\/\/nck.krakow.pl\/galeriacentrum\/wp-content\/uploads\/2010\/10\/Projekt-bez-tytu\u0142u-52.jpg","type":"image\/jpeg"}],"author":"admin","twitter_card":"summary_large_image","twitter_misc":{"Written by":"admin","Est. reading time":"1 minuta"},"schema":{"@context":"https:\/\/schema.org","@graph":[{"@type":"WebPage","@id":"https:\/\/nck.krakow.pl\/galeriacentrum\/ewa-mann\/","url":"https:\/\/nck.krakow.pl\/galeriacentrum\/ewa-mann\/","name":"Ewa Mann - Galeria CENTRUM","isPartOf":{"@id":"https:\/\/nck.krakow.pl\/galeriacentrum\/#website"},"datePublished":"2010-10-12T14:08:50+00:00","dateModified":"2017-02-27T11:55:26+00:00","author":{"@id":"https:\/\/nck.krakow.pl\/galeriacentrum\/#\/schema\/person\/563c655e7f8cea2c4a5e30b62aad544b"},"breadcrumb":{"@id":"https:\/\/nck.krakow.pl\/galeriacentrum\/ewa-mann\/#breadcrumb"},"inLanguage":"pl-PL","potentialAction":[{"@type":"ReadAction","target":["https:\/\/nck.krakow.pl\/galeriacentrum\/ewa-mann\/"]}]},{"@type":"BreadcrumbList","@id":"https:\/\/nck.krakow.pl\/galeriacentrum\/ewa-mann\/#breadcrumb","itemListElement":[{"@type":"ListItem","position":1,"name":"Strona g\u0142\u00f3wna","item":"https:\/\/nck.krakow.pl\/galeriacentrum\/"},{"@type":"ListItem","position":2,"name":"Ewa Mann"}]},{"@type":"WebSite","@id":"https:\/\/nck.krakow.pl\/galeriacentrum\/#website","url":"https:\/\/nck.krakow.pl\/galeriacentrum\/","name":"Galeria CENTRUM","description":"Galeria Centrum","potentialAction":[{"@type":"SearchAction","target":{"@type":"EntryPoint","urlTemplate":"https:\/\/nck.krakow.pl\/galeriacentrum\/?s={search_term_string}"},"query-input":"required name=search_term_string"}],"inLanguage":"pl-PL"},{"@type":"Person","@id":"https:\/\/nck.krakow.pl\/galeriacentrum\/#\/schema\/person\/563c655e7f8cea2c4a5e30b62aad544b","name":"admin","image":{"@type":"ImageObject","inLanguage":"pl-PL","@id":"https:\/\/nck.krakow.pl\/galeriacentrum\/#\/schema\/person\/image\/","url":"https:\/\/secure.gravatar.com\/avatar\/3753dfce494871fdf8ea4a271450f78c?s=96&d=mm&r=g","contentUrl":"https:\/\/secure.gravatar.com\/avatar\/3753dfce494871fdf8ea4a271450f78c?s=96&d=mm&r=g","caption":"admin"},"url":"https:\/\/nck.krakow.pl\/galeriacentrum\/author\/admin\/"}]}},"_links":{"self":[{"href":"https:\/\/nck.krakow.pl\/galeriacentrum\/wp-json\/wp\/v2\/posts\/1232"}],"collection":[{"href":"https:\/\/nck.krakow.pl\/galeriacentrum\/wp-json\/wp\/v2\/posts"}],"about":[{"href":"https:\/\/nck.krakow.pl\/galeriacentrum\/wp-json\/wp\/v2\/types\/post"}],"author":[{"embeddable":true,"href":"https:\/\/nck.krakow.pl\/galeriacentrum\/wp-json\/wp\/v2\/users\/1"}],"replies":[{"embeddable":true,"href":"https:\/\/nck.krakow.pl\/galeriacentrum\/wp-json\/wp\/v2\/comments?post=1232"}],"version-history":[{"count":2,"href":"https:\/\/nck.krakow.pl\/galeriacentrum\/wp-json\/wp\/v2\/posts\/1232\/revisions"}],"predecessor-version":[{"id":1904,"href":"https:\/\/nck.krakow.pl\/galeriacentrum\/wp-json\/wp\/v2\/posts\/1232\/revisions\/1904"}],"wp:featuredmedia":[{"embeddable":true,"href":"https:\/\/nck.krakow.pl\/galeriacentrum\/wp-json\/wp\/v2\/media\/1903"}],"wp:attachment":[{"href":"https:\/\/nck.krakow.pl\/galeriacentrum\/wp-json\/wp\/v2\/media?parent=1232"}],"wp:term":[{"taxonomy":"category","embeddable":true,"href":"https:\/\/nck.krakow.pl\/galeriacentrum\/wp-json\/wp\/v2\/categories?post=1232"},{"taxonomy":"post_tag","embeddable":true,"href":"https:\/\/nck.krakow.pl\/galeriacentrum\/wp-json\/wp\/v2\/tags?post=1232"}],"curies":[{"name":"wp","href":"https:\/\/api.w.org\/{rel}","templated":true}]}}