{"id":1228,"date":"2010-07-16T14:01:35","date_gmt":"2010-07-16T14:01:35","guid":{"rendered":"http:\/\/centrum.nck.krakow.pl\/?p=1228"},"modified":"2017-02-27T11:28:22","modified_gmt":"2017-02-27T11:28:22","slug":"gliwicka-grupa-plastyczna-faun","status":"publish","type":"post","link":"https:\/\/nck.krakow.pl\/galeriacentrum\/gliwicka-grupa-plastyczna-faun\/","title":{"rendered":"Gliwicka Grupa Plastyczna \u201eFAUN\u201d"},"content":{"rendered":"<h1>Gliwicka Grupa Plastyczna \u201eFAUN\u201d<\/h1>\n<p>&nbsp;<\/p>\n<p>&nbsp;<\/p>\n<p>Pejza\u017c w malarstwie<\/p>\n<p>16-7-2010 \/ 9-8-2010<\/p>\n<p>Budynek A.<strong><br \/>\n<\/strong><\/p>\n<p>Grupa Plastyczna \u201eFaun\u201d oficjalnie rozpocz\u0119\u0142a swoj\u0105 dzia\u0142alno\u015b\u0107 3 wrze\u015bnia 1977 roku w Klubie Mi\u0119dzynarodowej Prasy i Ksi\u0105\u017cki w Gliwicach, pod skrzyd\u0142ami Towarzystwa Przyjaci\u00f3\u0142 Gliwic.<br \/>\nInspiracj\u0105 za\u0142o\u017cenia Grupy by\u0142o spotkanie tw\u00f3rc\u00f3w nieprofesjonalnych podczas wystawy malarstwa Zbigniewa Zubka.<br \/>\nW ci\u0105gu 33 lat istnienia Grupa zorganizowa\u0142a ponad 220 wystaw zbiorowych, indywidualnych oraz poplenerowych. Jej cz\u0142onkowie brali udzia\u0142 w kilkuset wystawach zbiorowych, pokonkursowych, poplenerowych zar\u00f3wno w kraju jak i poza granicami, gdzie zdobyli ponad 240 nagr\u00f3d. Obecnie Grupa Plastyczna \u201eFaun\u201d dzia\u0142a przy Stowarzyszeniu Klub Inicjatyw Kulturalnych i liczy 20 os\u00f3b.<br \/>\nGrupa bra\u0142a udzia\u0142 mi\u0119dzy innymi w wystawie w Muzeum Doncaster w Szkocji i sze\u015bciu du\u017cych miastach Anglii oraz dwukrotnie w Muzeum i Ratuszu w Dessau w Niemczech.<br \/>\nGrupa organizowa\u0142a wystawy w BWA w Rzeszowie, Galerii 102 w Warszawie, BWA w Zakopanym, TPZP w Poznaniu, Politechnice \u015al\u0105skiej oraz Wroc\u0142awskiej, WSP w Opolu, Nowohuckim Centrum Kultury. Arty\u015bci uczestniczyli w wielu aukcjach charytatywnych.<\/p>\n<p>Autorzy prac:<\/p>\n<p>Edward Andruszk\u00f3w<br \/>\nIwona Jaszczyszyn<br \/>\nMarek Jendrysek<br \/>\nUrszula K\u0119dzior<br \/>\nBarbara Kotwicka<br \/>\nJoanna \u0141api\u0144ska<br \/>\nSylwia Malcharek-Kisiel<br \/>\nZofia Misiaszek-Sa\u0142a\u0144ska<br \/>\nMarian Narwusz<br \/>\nEwa Pa\u0144czyk-Ha\u0142ubiec<br \/>\nAnna Pasella<br \/>\nJolanta Rawecka<br \/>\nDiana Strociak<br \/>\nWitold Szwengiel<br \/>\nKrzysztof Weso\u0142owski<br \/>\nZbigniew Zubek<\/p>\n","protected":false},"excerpt":{"rendered":"<p>Gliwicka Grupa Plastyczna \u201eFAUN\u201d &nbsp; &nbsp; Pejza\u017c w malarstwie 16-7-2010 \/ 9-8-2010 Budynek A. Grupa Plastyczna \u201eFaun\u201d oficjalnie rozpocz\u0119\u0142a swoj\u0105 dzia\u0142alno\u015b\u0107 3 wrze\u015bnia 1977 roku w Klubie Mi\u0119dzynarodowej Prasy i Ksi\u0105\u017cki w Gliwicach, pod skrzyd\u0142ami Towarzystwa Przyjaci\u00f3\u0142 Gliwic. Inspiracj\u0105 za\u0142o\u017cenia Grupy by\u0142o spotkanie tw\u00f3rc\u00f3w nieprofesjonalnych podczas wystawy malarstwa Zbigniewa Zubka. W ci\u0105gu 33 lat istnienia<a class=\"moretag\" href=\"https:\/\/nck.krakow.pl\/galeriacentrum\/gliwicka-grupa-plastyczna-faun\/\"><span class=\"screen-reader-text\">Wi\u0119cej oGliwicka Grupa Plastyczna \u201eFAUN\u201d<\/span>[&#8230;]<\/a><\/p>\n","protected":false},"author":1,"featured_media":1796,"comment_status":"closed","ping_status":"open","sticky":false,"template":"","format":"standard","meta":{"footnotes":""},"categories":[41,5,2],"tags":[],"class_list":["post-1228","post","type-post","status-publish","format-standard","has-post-thumbnail","hentry","category-41","category-malarstwo","category-wystawy"],"yoast_head":"<!-- This site is optimized with the Yoast SEO plugin v19.12 - https:\/\/yoast.com\/wordpress\/plugins\/seo\/ -->\n<title>Gliwicka Grupa Plastyczna \u201eFAUN\u201d - Galeria CENTRUM<\/title>\n<meta name=\"robots\" content=\"index, follow, max-snippet:-1, max-image-preview:large, max-video-preview:-1\" \/>\n<link rel=\"canonical\" href=\"https:\/\/nck.krakow.pl\/galeriacentrum\/gliwicka-grupa-plastyczna-faun\/\" \/>\n<meta property=\"og:locale\" content=\"pl_PL\" \/>\n<meta property=\"og:type\" content=\"article\" \/>\n<meta property=\"og:title\" content=\"Gliwicka Grupa Plastyczna \u201eFAUN\u201d - Galeria CENTRUM\" \/>\n<meta property=\"og:description\" content=\"Gliwicka Grupa Plastyczna \u201eFAUN\u201d &nbsp; &nbsp; Pejza\u017c w malarstwie 16-7-2010 \/ 9-8-2010 Budynek A. Grupa Plastyczna \u201eFaun\u201d oficjalnie rozpocz\u0119\u0142a swoj\u0105 dzia\u0142alno\u015b\u0107 3 wrze\u015bnia 1977 roku w Klubie Mi\u0119dzynarodowej Prasy i Ksi\u0105\u017cki w Gliwicach, pod skrzyd\u0142ami Towarzystwa Przyjaci\u00f3\u0142 Gliwic. Inspiracj\u0105 za\u0142o\u017cenia Grupy by\u0142o spotkanie tw\u00f3rc\u00f3w nieprofesjonalnych podczas wystawy malarstwa Zbigniewa Zubka. W ci\u0105gu 33 lat istnieniaWi\u0119cej oGliwicka Grupa Plastyczna \u201eFAUN\u201d[...]\" \/>\n<meta property=\"og:url\" content=\"https:\/\/nck.krakow.pl\/galeriacentrum\/gliwicka-grupa-plastyczna-faun\/\" \/>\n<meta property=\"og:site_name\" content=\"Galeria CENTRUM\" \/>\n<meta property=\"article:published_time\" content=\"2010-07-16T14:01:35+00:00\" \/>\n<meta property=\"article:modified_time\" content=\"2017-02-27T11:28:22+00:00\" \/>\n<meta property=\"og:image\" content=\"https:\/\/nck.krakow.pl\/galeriacentrum\/wp-content\/uploads\/2012\/04\/Projekt-bez-tytu\u0142u-5.jpg\" \/>\n\t<meta property=\"og:image:width\" content=\"1024\" \/>\n\t<meta property=\"og:image:height\" content=\"512\" \/>\n\t<meta property=\"og:image:type\" content=\"image\/jpeg\" \/>\n<meta name=\"author\" content=\"admin\" \/>\n<meta name=\"twitter:card\" content=\"summary_large_image\" \/>\n<meta name=\"twitter:label1\" content=\"Written by\" \/>\n\t<meta name=\"twitter:data1\" content=\"admin\" \/>\n\t<meta name=\"twitter:label2\" content=\"Est. reading time\" \/>\n\t<meta name=\"twitter:data2\" content=\"1 minuta\" \/>\n<script type=\"application\/ld+json\" class=\"yoast-schema-graph\">{\"@context\":\"https:\/\/schema.org\",\"@graph\":[{\"@type\":\"WebPage\",\"@id\":\"https:\/\/nck.krakow.pl\/galeriacentrum\/gliwicka-grupa-plastyczna-faun\/\",\"url\":\"https:\/\/nck.krakow.pl\/galeriacentrum\/gliwicka-grupa-plastyczna-faun\/\",\"name\":\"Gliwicka Grupa Plastyczna \u201eFAUN\u201d - Galeria CENTRUM\",\"isPartOf\":{\"@id\":\"https:\/\/nck.krakow.pl\/galeriacentrum\/#website\"},\"datePublished\":\"2010-07-16T14:01:35+00:00\",\"dateModified\":\"2017-02-27T11:28:22+00:00\",\"author\":{\"@id\":\"https:\/\/nck.krakow.pl\/galeriacentrum\/#\/schema\/person\/563c655e7f8cea2c4a5e30b62aad544b\"},\"breadcrumb\":{\"@id\":\"https:\/\/nck.krakow.pl\/galeriacentrum\/gliwicka-grupa-plastyczna-faun\/#breadcrumb\"},\"inLanguage\":\"pl-PL\",\"potentialAction\":[{\"@type\":\"ReadAction\",\"target\":[\"https:\/\/nck.krakow.pl\/galeriacentrum\/gliwicka-grupa-plastyczna-faun\/\"]}]},{\"@type\":\"BreadcrumbList\",\"@id\":\"https:\/\/nck.krakow.pl\/galeriacentrum\/gliwicka-grupa-plastyczna-faun\/#breadcrumb\",\"itemListElement\":[{\"@type\":\"ListItem\",\"position\":1,\"name\":\"Strona g\u0142\u00f3wna\",\"item\":\"https:\/\/nck.krakow.pl\/galeriacentrum\/\"},{\"@type\":\"ListItem\",\"position\":2,\"name\":\"Gliwicka Grupa Plastyczna \u201eFAUN\u201d\"}]},{\"@type\":\"WebSite\",\"@id\":\"https:\/\/nck.krakow.pl\/galeriacentrum\/#website\",\"url\":\"https:\/\/nck.krakow.pl\/galeriacentrum\/\",\"name\":\"Galeria CENTRUM\",\"description\":\"Galeria Centrum\",\"potentialAction\":[{\"@type\":\"SearchAction\",\"target\":{\"@type\":\"EntryPoint\",\"urlTemplate\":\"https:\/\/nck.krakow.pl\/galeriacentrum\/?s={search_term_string}\"},\"query-input\":\"required name=search_term_string\"}],\"inLanguage\":\"pl-PL\"},{\"@type\":\"Person\",\"@id\":\"https:\/\/nck.krakow.pl\/galeriacentrum\/#\/schema\/person\/563c655e7f8cea2c4a5e30b62aad544b\",\"name\":\"admin\",\"image\":{\"@type\":\"ImageObject\",\"inLanguage\":\"pl-PL\",\"@id\":\"https:\/\/nck.krakow.pl\/galeriacentrum\/#\/schema\/person\/image\/\",\"url\":\"https:\/\/secure.gravatar.com\/avatar\/3753dfce494871fdf8ea4a271450f78c?s=96&d=mm&r=g\",\"contentUrl\":\"https:\/\/secure.gravatar.com\/avatar\/3753dfce494871fdf8ea4a271450f78c?s=96&d=mm&r=g\",\"caption\":\"admin\"},\"url\":\"https:\/\/nck.krakow.pl\/galeriacentrum\/author\/admin\/\"}]}<\/script>\n<!-- \/ Yoast SEO plugin. -->","yoast_head_json":{"title":"Gliwicka Grupa Plastyczna \u201eFAUN\u201d - Galeria CENTRUM","robots":{"index":"index","follow":"follow","max-snippet":"max-snippet:-1","max-image-preview":"max-image-preview:large","max-video-preview":"max-video-preview:-1"},"canonical":"https:\/\/nck.krakow.pl\/galeriacentrum\/gliwicka-grupa-plastyczna-faun\/","og_locale":"pl_PL","og_type":"article","og_title":"Gliwicka Grupa Plastyczna \u201eFAUN\u201d - Galeria CENTRUM","og_description":"Gliwicka Grupa Plastyczna \u201eFAUN\u201d &nbsp; &nbsp; Pejza\u017c w malarstwie 16-7-2010 \/ 9-8-2010 Budynek A. Grupa Plastyczna \u201eFaun\u201d oficjalnie rozpocz\u0119\u0142a swoj\u0105 dzia\u0142alno\u015b\u0107 3 wrze\u015bnia 1977 roku w Klubie Mi\u0119dzynarodowej Prasy i Ksi\u0105\u017cki w Gliwicach, pod skrzyd\u0142ami Towarzystwa Przyjaci\u00f3\u0142 Gliwic. Inspiracj\u0105 za\u0142o\u017cenia Grupy by\u0142o spotkanie tw\u00f3rc\u00f3w nieprofesjonalnych podczas wystawy malarstwa Zbigniewa Zubka. W ci\u0105gu 33 lat istnieniaWi\u0119cej oGliwicka Grupa Plastyczna \u201eFAUN\u201d[...]","og_url":"https:\/\/nck.krakow.pl\/galeriacentrum\/gliwicka-grupa-plastyczna-faun\/","og_site_name":"Galeria CENTRUM","article_published_time":"2010-07-16T14:01:35+00:00","article_modified_time":"2017-02-27T11:28:22+00:00","og_image":[{"width":1024,"height":512,"url":"https:\/\/nck.krakow.pl\/galeriacentrum\/wp-content\/uploads\/2012\/04\/Projekt-bez-tytu\u0142u-5.jpg","type":"image\/jpeg"}],"author":"admin","twitter_card":"summary_large_image","twitter_misc":{"Written by":"admin","Est. reading time":"1 minuta"},"schema":{"@context":"https:\/\/schema.org","@graph":[{"@type":"WebPage","@id":"https:\/\/nck.krakow.pl\/galeriacentrum\/gliwicka-grupa-plastyczna-faun\/","url":"https:\/\/nck.krakow.pl\/galeriacentrum\/gliwicka-grupa-plastyczna-faun\/","name":"Gliwicka Grupa Plastyczna \u201eFAUN\u201d - Galeria CENTRUM","isPartOf":{"@id":"https:\/\/nck.krakow.pl\/galeriacentrum\/#website"},"datePublished":"2010-07-16T14:01:35+00:00","dateModified":"2017-02-27T11:28:22+00:00","author":{"@id":"https:\/\/nck.krakow.pl\/galeriacentrum\/#\/schema\/person\/563c655e7f8cea2c4a5e30b62aad544b"},"breadcrumb":{"@id":"https:\/\/nck.krakow.pl\/galeriacentrum\/gliwicka-grupa-plastyczna-faun\/#breadcrumb"},"inLanguage":"pl-PL","potentialAction":[{"@type":"ReadAction","target":["https:\/\/nck.krakow.pl\/galeriacentrum\/gliwicka-grupa-plastyczna-faun\/"]}]},{"@type":"BreadcrumbList","@id":"https:\/\/nck.krakow.pl\/galeriacentrum\/gliwicka-grupa-plastyczna-faun\/#breadcrumb","itemListElement":[{"@type":"ListItem","position":1,"name":"Strona g\u0142\u00f3wna","item":"https:\/\/nck.krakow.pl\/galeriacentrum\/"},{"@type":"ListItem","position":2,"name":"Gliwicka Grupa Plastyczna \u201eFAUN\u201d"}]},{"@type":"WebSite","@id":"https:\/\/nck.krakow.pl\/galeriacentrum\/#website","url":"https:\/\/nck.krakow.pl\/galeriacentrum\/","name":"Galeria CENTRUM","description":"Galeria Centrum","potentialAction":[{"@type":"SearchAction","target":{"@type":"EntryPoint","urlTemplate":"https:\/\/nck.krakow.pl\/galeriacentrum\/?s={search_term_string}"},"query-input":"required name=search_term_string"}],"inLanguage":"pl-PL"},{"@type":"Person","@id":"https:\/\/nck.krakow.pl\/galeriacentrum\/#\/schema\/person\/563c655e7f8cea2c4a5e30b62aad544b","name":"admin","image":{"@type":"ImageObject","inLanguage":"pl-PL","@id":"https:\/\/nck.krakow.pl\/galeriacentrum\/#\/schema\/person\/image\/","url":"https:\/\/secure.gravatar.com\/avatar\/3753dfce494871fdf8ea4a271450f78c?s=96&d=mm&r=g","contentUrl":"https:\/\/secure.gravatar.com\/avatar\/3753dfce494871fdf8ea4a271450f78c?s=96&d=mm&r=g","caption":"admin"},"url":"https:\/\/nck.krakow.pl\/galeriacentrum\/author\/admin\/"}]}},"_links":{"self":[{"href":"https:\/\/nck.krakow.pl\/galeriacentrum\/wp-json\/wp\/v2\/posts\/1228"}],"collection":[{"href":"https:\/\/nck.krakow.pl\/galeriacentrum\/wp-json\/wp\/v2\/posts"}],"about":[{"href":"https:\/\/nck.krakow.pl\/galeriacentrum\/wp-json\/wp\/v2\/types\/post"}],"author":[{"embeddable":true,"href":"https:\/\/nck.krakow.pl\/galeriacentrum\/wp-json\/wp\/v2\/users\/1"}],"replies":[{"embeddable":true,"href":"https:\/\/nck.krakow.pl\/galeriacentrum\/wp-json\/wp\/v2\/comments?post=1228"}],"version-history":[{"count":1,"href":"https:\/\/nck.krakow.pl\/galeriacentrum\/wp-json\/wp\/v2\/posts\/1228\/revisions"}],"predecessor-version":[{"id":1229,"href":"https:\/\/nck.krakow.pl\/galeriacentrum\/wp-json\/wp\/v2\/posts\/1228\/revisions\/1229"}],"wp:featuredmedia":[{"embeddable":true,"href":"https:\/\/nck.krakow.pl\/galeriacentrum\/wp-json\/wp\/v2\/media\/1796"}],"wp:attachment":[{"href":"https:\/\/nck.krakow.pl\/galeriacentrum\/wp-json\/wp\/v2\/media?parent=1228"}],"wp:term":[{"taxonomy":"category","embeddable":true,"href":"https:\/\/nck.krakow.pl\/galeriacentrum\/wp-json\/wp\/v2\/categories?post=1228"},{"taxonomy":"post_tag","embeddable":true,"href":"https:\/\/nck.krakow.pl\/galeriacentrum\/wp-json\/wp\/v2\/tags?post=1228"}],"curies":[{"name":"wp","href":"https:\/\/api.w.org\/{rel}","templated":true}]}}