{"id":1226,"date":"2010-10-28T13:58:51","date_gmt":"2010-10-28T13:58:51","guid":{"rendered":"http:\/\/centrum.nck.krakow.pl\/?p=1226"},"modified":"2017-02-27T11:51:07","modified_gmt":"2017-02-27T11:51:07","slug":"boleslaw-misiak","status":"publish","type":"post","link":"https:\/\/nck.krakow.pl\/galeriacentrum\/boleslaw-misiak\/","title":{"rendered":"Boles\u0142aw Misiak"},"content":{"rendered":"<div class=\"wrap\">\n<h1>Boles\u0142aw Misiak<\/h1>\n<h2><\/h2>\n<div id=\"filter\"><\/div>\n<p>28-10-2010 \/ 23-12-2010<\/p>\n<p>Budynek\u00a0A.<strong><br \/>\n<\/strong><\/p>\n<p><strong>Boles\u0142aw Misiak<\/strong> urodzi\u0142 si\u0119 w 1978 roku w Krakowie.<br \/>\nW latach 2000\/ 2005 studiowa\u0142 w Akademii Sztuk Pi\u0119knych w Krakowie na Wydziale Malarstwa. Dyplom magisterski uzyska\u0142 w pracowni prof. Adama Wsio\u0142kowskiego w 2005 roku.<\/p>\n<p>Wystawy indywidualne<br \/>\n2007 \u2013 \u201ePodr\u00f3\u017c\u201d, Galeria Pa\u0142acu Vauxhall w Krzeszowicach<br \/>\n2008 \u2013 \u201ePodr\u00f3\u017c\u201d, Galeria PWST w Krakowie<\/p>\n<p>Wystawy zbiorowe<br \/>\n2008 \u2013 Nowi cz\u0142onkowie ZPAP, Galeria Pryzmat Krak\u00f3w<br \/>\n2009 \u2013 Misiakowie malarstwo, Galeria \u201em\u201d Klub Ku\u017ania O\u015brodek Kultury im. C. K. Norwida Krak\u00f3w<br \/>\n2009 \u2013 Salon Nowohucki w Galerii CENTRUM.<\/p>\n<p>Galeria zdj\u0119\u0107:<\/p>\n<div id=\"freewall\" class=\"free-wall-1\" data-min-width=\"2640\" data-total-col=\"7\" data-total-row=\"150\" data-wall-width=\"1503\" data-wall-height=\"135\">\n<div id=\"1-2\" class=\"box\" data-delay=\"1\" data-height=\"100\" data-width=\"150\" data-state=\"start\"><a class=\"fancybox-effects-c\" title=\"Boles\u0142aw Misiak \/ \" href=\"http:\/\/www.adm.grades.com.pl\/modules\/gallery\/file-uploader-master\/server\/uploads\/galeriacentrum\/f7f656d810693941a48bd1cd0a59b2ff.jpg\" data-fancybox-group=\"gallery\"><img decoding=\"async\" src=\"http:\/\/www.adm.grades.com.pl\/modules\/gallery\/file-uploader-master\/server\/uploads\/galeriacentrum\/f7f656d810693941a48bd1cd0a59b2ff.jpg\" alt=\"\" \/><\/a><\/div>\n<div class=\"box\" data-delay=\"1\" data-height=\"100\" data-width=\"150\" data-state=\"start\"><\/div>\n<div id=\"2-2\" class=\"box\" data-delay=\"2\" data-height=\"100\" data-width=\"150\" data-state=\"start\"><a class=\"fancybox-effects-c\" title=\"Boles\u0142aw Misiak \/ \" href=\"http:\/\/www.adm.grades.com.pl\/modules\/gallery\/file-uploader-master\/server\/uploads\/galeriacentrum\/f003f5df559998292b8e7a75beee3406.jpg\" data-fancybox-group=\"gallery\"><img decoding=\"async\" src=\"http:\/\/www.adm.grades.com.pl\/modules\/gallery\/file-uploader-master\/server\/uploads\/galeriacentrum\/f003f5df559998292b8e7a75beee3406.jpg\" alt=\"\" \/><\/a><\/div>\n<div class=\"box\" data-delay=\"2\" data-height=\"100\" data-width=\"150\" data-state=\"start\"><\/div>\n<div id=\"3-2\" class=\"box\" data-delay=\"3\" data-height=\"100\" data-width=\"150\" data-state=\"start\"><a class=\"fancybox-effects-c\" title=\"Boles\u0142aw Misiak \/ \" href=\"http:\/\/www.adm.grades.com.pl\/modules\/gallery\/file-uploader-master\/server\/uploads\/galeriacentrum\/514c51764c3224e4840e04a38ac00c18.jpg\" data-fancybox-group=\"gallery\"><img decoding=\"async\" src=\"http:\/\/www.adm.grades.com.pl\/modules\/gallery\/file-uploader-master\/server\/uploads\/galeriacentrum\/514c51764c3224e4840e04a38ac00c18.jpg\" alt=\"\" \/><\/a><\/div>\n<div class=\"box\" data-delay=\"3\" data-height=\"100\" data-width=\"150\" data-state=\"start\"><\/div>\n<div id=\"4-2\" class=\"box\" data-delay=\"4\" data-height=\"100\" data-width=\"150\" data-state=\"start\"><a class=\"fancybox-effects-c\" title=\"Boles\u0142aw Misiak \/ \" href=\"http:\/\/www.adm.grades.com.pl\/modules\/gallery\/file-uploader-master\/server\/uploads\/galeriacentrum\/8f85b20893a07e7cafde7945e813ce4e.jpg\" data-fancybox-group=\"gallery\"><img decoding=\"async\" src=\"http:\/\/www.adm.grades.com.pl\/modules\/gallery\/file-uploader-master\/server\/uploads\/galeriacentrum\/8f85b20893a07e7cafde7945e813ce4e.jpg\" alt=\"\" \/><\/a><\/div>\n<div class=\"box\" data-delay=\"4\" data-height=\"100\" data-width=\"150\" data-state=\"start\"><\/div>\n<div id=\"5-2\" class=\"box\" data-delay=\"5\" data-height=\"100\" data-width=\"150\" data-state=\"start\"><a class=\"fancybox-effects-c\" title=\"Boles\u0142aw Misiak \/ \" href=\"http:\/\/www.adm.grades.com.pl\/modules\/gallery\/file-uploader-master\/server\/uploads\/galeriacentrum\/edc0ad69e1d34643472d45d348b37653.jpg\" data-fancybox-group=\"gallery\"><img decoding=\"async\" src=\"http:\/\/www.adm.grades.com.pl\/modules\/gallery\/file-uploader-master\/server\/uploads\/galeriacentrum\/edc0ad69e1d34643472d45d348b37653.jpg\" alt=\"\" \/><\/a><\/div>\n<div class=\"box\" data-delay=\"5\" data-height=\"100\" data-width=\"150\" data-state=\"start\"><\/div>\n<div id=\"6-2\" class=\"box\" data-delay=\"6\" data-height=\"100\" data-width=\"150\" data-state=\"start\"><a class=\"fancybox-effects-c\" title=\"Boles\u0142aw Misiak \/ \" href=\"http:\/\/www.adm.grades.com.pl\/modules\/gallery\/file-uploader-master\/server\/uploads\/galeriacentrum\/2d59b7c04e283f3e345ce1ff4421ea06.jpg\" data-fancybox-group=\"gallery\"><img decoding=\"async\" src=\"http:\/\/www.adm.grades.com.pl\/modules\/gallery\/file-uploader-master\/server\/uploads\/galeriacentrum\/2d59b7c04e283f3e345ce1ff4421ea06.jpg\" alt=\"\" \/><\/a><\/div>\n<div class=\"box\" data-delay=\"6\" data-height=\"100\" data-width=\"150\" data-state=\"start\"><\/div>\n<div id=\"7-2\" class=\"box\" data-delay=\"7\" data-height=\"100\" data-width=\"150\" data-state=\"start\"><a class=\"fancybox-effects-c\" title=\"Boles\u0142aw Misiak \/ \" href=\"http:\/\/www.adm.grades.com.pl\/modules\/gallery\/file-uploader-master\/server\/uploads\/galeriacentrum\/b5f9044b11927f0a1d34adaa00e2c606.jpg\" data-fancybox-group=\"gallery\"><img decoding=\"async\" src=\"http:\/\/www.adm.grades.com.pl\/modules\/gallery\/file-uploader-master\/server\/uploads\/galeriacentrum\/b5f9044b11927f0a1d34adaa00e2c606.jpg\" alt=\"\" \/><\/a><\/div>\n<\/div>\n<\/div>\n","protected":false},"excerpt":{"rendered":"<p>Boles\u0142aw Misiak 28-10-2010 \/ 23-12-2010 Budynek\u00a0A. Boles\u0142aw Misiak urodzi\u0142 si\u0119 w 1978 roku w Krakowie. W latach 2000\/ 2005 studiowa\u0142 w Akademii Sztuk Pi\u0119knych w Krakowie na Wydziale Malarstwa. Dyplom magisterski uzyska\u0142 w pracowni prof. Adama Wsio\u0142kowskiego w 2005 roku. Wystawy indywidualne 2007 \u2013 \u201ePodr\u00f3\u017c\u201d, Galeria Pa\u0142acu Vauxhall w Krzeszowicach 2008 \u2013 \u201ePodr\u00f3\u017c\u201d, Galeria PWST<a class=\"moretag\" href=\"https:\/\/nck.krakow.pl\/galeriacentrum\/boleslaw-misiak\/\"><span class=\"screen-reader-text\">Wi\u0119cej oBoles\u0142aw Misiak<\/span>[&#8230;]<\/a><\/p>\n","protected":false},"author":1,"featured_media":1900,"comment_status":"closed","ping_status":"open","sticky":false,"template":"","format":"standard","meta":{"footnotes":""},"categories":[41,5,2],"tags":[],"class_list":["post-1226","post","type-post","status-publish","format-standard","has-post-thumbnail","hentry","category-41","category-malarstwo","category-wystawy"],"yoast_head":"<!-- This site is optimized with the Yoast SEO plugin v19.12 - https:\/\/yoast.com\/wordpress\/plugins\/seo\/ -->\n<title>Boles\u0142aw Misiak - Galeria CENTRUM<\/title>\n<meta name=\"robots\" content=\"index, follow, max-snippet:-1, max-image-preview:large, max-video-preview:-1\" \/>\n<link rel=\"canonical\" href=\"https:\/\/nck.krakow.pl\/galeriacentrum\/boleslaw-misiak\/\" \/>\n<meta property=\"og:locale\" content=\"pl_PL\" \/>\n<meta property=\"og:type\" content=\"article\" \/>\n<meta property=\"og:title\" content=\"Boles\u0142aw Misiak - Galeria CENTRUM\" \/>\n<meta property=\"og:description\" content=\"Boles\u0142aw Misiak 28-10-2010 \/ 23-12-2010 Budynek\u00a0A. Boles\u0142aw Misiak urodzi\u0142 si\u0119 w 1978 roku w Krakowie. W latach 2000\/ 2005 studiowa\u0142 w Akademii Sztuk Pi\u0119knych w Krakowie na Wydziale Malarstwa. Dyplom magisterski uzyska\u0142 w pracowni prof. Adama Wsio\u0142kowskiego w 2005 roku. Wystawy indywidualne 2007 \u2013 \u201ePodr\u00f3\u017c\u201d, Galeria Pa\u0142acu Vauxhall w Krzeszowicach 2008 \u2013 \u201ePodr\u00f3\u017c\u201d, Galeria PWSTWi\u0119cej oBoles\u0142aw Misiak[...]\" \/>\n<meta property=\"og:url\" content=\"https:\/\/nck.krakow.pl\/galeriacentrum\/boleslaw-misiak\/\" \/>\n<meta property=\"og:site_name\" content=\"Galeria CENTRUM\" \/>\n<meta property=\"article:published_time\" content=\"2010-10-28T13:58:51+00:00\" \/>\n<meta property=\"article:modified_time\" content=\"2017-02-27T11:51:07+00:00\" \/>\n<meta property=\"og:image\" content=\"https:\/\/nck.krakow.pl\/galeriacentrum\/wp-content\/uploads\/2010\/10\/Projekt-bez-tytu\u0142u-51.jpg\" \/>\n\t<meta property=\"og:image:width\" content=\"1024\" \/>\n\t<meta property=\"og:image:height\" content=\"512\" \/>\n\t<meta property=\"og:image:type\" content=\"image\/jpeg\" \/>\n<meta name=\"author\" content=\"admin\" \/>\n<meta name=\"twitter:card\" content=\"summary_large_image\" \/>\n<meta name=\"twitter:label1\" content=\"Written by\" \/>\n\t<meta name=\"twitter:data1\" content=\"admin\" \/>\n<script type=\"application\/ld+json\" class=\"yoast-schema-graph\">{\"@context\":\"https:\/\/schema.org\",\"@graph\":[{\"@type\":\"WebPage\",\"@id\":\"https:\/\/nck.krakow.pl\/galeriacentrum\/boleslaw-misiak\/\",\"url\":\"https:\/\/nck.krakow.pl\/galeriacentrum\/boleslaw-misiak\/\",\"name\":\"Boles\u0142aw Misiak - Galeria CENTRUM\",\"isPartOf\":{\"@id\":\"https:\/\/nck.krakow.pl\/galeriacentrum\/#website\"},\"datePublished\":\"2010-10-28T13:58:51+00:00\",\"dateModified\":\"2017-02-27T11:51:07+00:00\",\"author\":{\"@id\":\"https:\/\/nck.krakow.pl\/galeriacentrum\/#\/schema\/person\/563c655e7f8cea2c4a5e30b62aad544b\"},\"breadcrumb\":{\"@id\":\"https:\/\/nck.krakow.pl\/galeriacentrum\/boleslaw-misiak\/#breadcrumb\"},\"inLanguage\":\"pl-PL\",\"potentialAction\":[{\"@type\":\"ReadAction\",\"target\":[\"https:\/\/nck.krakow.pl\/galeriacentrum\/boleslaw-misiak\/\"]}]},{\"@type\":\"BreadcrumbList\",\"@id\":\"https:\/\/nck.krakow.pl\/galeriacentrum\/boleslaw-misiak\/#breadcrumb\",\"itemListElement\":[{\"@type\":\"ListItem\",\"position\":1,\"name\":\"Strona g\u0142\u00f3wna\",\"item\":\"https:\/\/nck.krakow.pl\/galeriacentrum\/\"},{\"@type\":\"ListItem\",\"position\":2,\"name\":\"Boles\u0142aw Misiak\"}]},{\"@type\":\"WebSite\",\"@id\":\"https:\/\/nck.krakow.pl\/galeriacentrum\/#website\",\"url\":\"https:\/\/nck.krakow.pl\/galeriacentrum\/\",\"name\":\"Galeria CENTRUM\",\"description\":\"Galeria Centrum\",\"potentialAction\":[{\"@type\":\"SearchAction\",\"target\":{\"@type\":\"EntryPoint\",\"urlTemplate\":\"https:\/\/nck.krakow.pl\/galeriacentrum\/?s={search_term_string}\"},\"query-input\":\"required name=search_term_string\"}],\"inLanguage\":\"pl-PL\"},{\"@type\":\"Person\",\"@id\":\"https:\/\/nck.krakow.pl\/galeriacentrum\/#\/schema\/person\/563c655e7f8cea2c4a5e30b62aad544b\",\"name\":\"admin\",\"image\":{\"@type\":\"ImageObject\",\"inLanguage\":\"pl-PL\",\"@id\":\"https:\/\/nck.krakow.pl\/galeriacentrum\/#\/schema\/person\/image\/\",\"url\":\"https:\/\/secure.gravatar.com\/avatar\/3753dfce494871fdf8ea4a271450f78c?s=96&d=mm&r=g\",\"contentUrl\":\"https:\/\/secure.gravatar.com\/avatar\/3753dfce494871fdf8ea4a271450f78c?s=96&d=mm&r=g\",\"caption\":\"admin\"},\"url\":\"https:\/\/nck.krakow.pl\/galeriacentrum\/author\/admin\/\"}]}<\/script>\n<!-- \/ Yoast SEO plugin. -->","yoast_head_json":{"title":"Boles\u0142aw Misiak - Galeria CENTRUM","robots":{"index":"index","follow":"follow","max-snippet":"max-snippet:-1","max-image-preview":"max-image-preview:large","max-video-preview":"max-video-preview:-1"},"canonical":"https:\/\/nck.krakow.pl\/galeriacentrum\/boleslaw-misiak\/","og_locale":"pl_PL","og_type":"article","og_title":"Boles\u0142aw Misiak - Galeria CENTRUM","og_description":"Boles\u0142aw Misiak 28-10-2010 \/ 23-12-2010 Budynek\u00a0A. Boles\u0142aw Misiak urodzi\u0142 si\u0119 w 1978 roku w Krakowie. W latach 2000\/ 2005 studiowa\u0142 w Akademii Sztuk Pi\u0119knych w Krakowie na Wydziale Malarstwa. Dyplom magisterski uzyska\u0142 w pracowni prof. Adama Wsio\u0142kowskiego w 2005 roku. Wystawy indywidualne 2007 \u2013 \u201ePodr\u00f3\u017c\u201d, Galeria Pa\u0142acu Vauxhall w Krzeszowicach 2008 \u2013 \u201ePodr\u00f3\u017c\u201d, Galeria PWSTWi\u0119cej oBoles\u0142aw Misiak[...]","og_url":"https:\/\/nck.krakow.pl\/galeriacentrum\/boleslaw-misiak\/","og_site_name":"Galeria CENTRUM","article_published_time":"2010-10-28T13:58:51+00:00","article_modified_time":"2017-02-27T11:51:07+00:00","og_image":[{"width":1024,"height":512,"url":"https:\/\/nck.krakow.pl\/galeriacentrum\/wp-content\/uploads\/2010\/10\/Projekt-bez-tytu\u0142u-51.jpg","type":"image\/jpeg"}],"author":"admin","twitter_card":"summary_large_image","twitter_misc":{"Written by":"admin"},"schema":{"@context":"https:\/\/schema.org","@graph":[{"@type":"WebPage","@id":"https:\/\/nck.krakow.pl\/galeriacentrum\/boleslaw-misiak\/","url":"https:\/\/nck.krakow.pl\/galeriacentrum\/boleslaw-misiak\/","name":"Boles\u0142aw Misiak - Galeria CENTRUM","isPartOf":{"@id":"https:\/\/nck.krakow.pl\/galeriacentrum\/#website"},"datePublished":"2010-10-28T13:58:51+00:00","dateModified":"2017-02-27T11:51:07+00:00","author":{"@id":"https:\/\/nck.krakow.pl\/galeriacentrum\/#\/schema\/person\/563c655e7f8cea2c4a5e30b62aad544b"},"breadcrumb":{"@id":"https:\/\/nck.krakow.pl\/galeriacentrum\/boleslaw-misiak\/#breadcrumb"},"inLanguage":"pl-PL","potentialAction":[{"@type":"ReadAction","target":["https:\/\/nck.krakow.pl\/galeriacentrum\/boleslaw-misiak\/"]}]},{"@type":"BreadcrumbList","@id":"https:\/\/nck.krakow.pl\/galeriacentrum\/boleslaw-misiak\/#breadcrumb","itemListElement":[{"@type":"ListItem","position":1,"name":"Strona g\u0142\u00f3wna","item":"https:\/\/nck.krakow.pl\/galeriacentrum\/"},{"@type":"ListItem","position":2,"name":"Boles\u0142aw Misiak"}]},{"@type":"WebSite","@id":"https:\/\/nck.krakow.pl\/galeriacentrum\/#website","url":"https:\/\/nck.krakow.pl\/galeriacentrum\/","name":"Galeria CENTRUM","description":"Galeria Centrum","potentialAction":[{"@type":"SearchAction","target":{"@type":"EntryPoint","urlTemplate":"https:\/\/nck.krakow.pl\/galeriacentrum\/?s={search_term_string}"},"query-input":"required name=search_term_string"}],"inLanguage":"pl-PL"},{"@type":"Person","@id":"https:\/\/nck.krakow.pl\/galeriacentrum\/#\/schema\/person\/563c655e7f8cea2c4a5e30b62aad544b","name":"admin","image":{"@type":"ImageObject","inLanguage":"pl-PL","@id":"https:\/\/nck.krakow.pl\/galeriacentrum\/#\/schema\/person\/image\/","url":"https:\/\/secure.gravatar.com\/avatar\/3753dfce494871fdf8ea4a271450f78c?s=96&d=mm&r=g","contentUrl":"https:\/\/secure.gravatar.com\/avatar\/3753dfce494871fdf8ea4a271450f78c?s=96&d=mm&r=g","caption":"admin"},"url":"https:\/\/nck.krakow.pl\/galeriacentrum\/author\/admin\/"}]}},"_links":{"self":[{"href":"https:\/\/nck.krakow.pl\/galeriacentrum\/wp-json\/wp\/v2\/posts\/1226"}],"collection":[{"href":"https:\/\/nck.krakow.pl\/galeriacentrum\/wp-json\/wp\/v2\/posts"}],"about":[{"href":"https:\/\/nck.krakow.pl\/galeriacentrum\/wp-json\/wp\/v2\/types\/post"}],"author":[{"embeddable":true,"href":"https:\/\/nck.krakow.pl\/galeriacentrum\/wp-json\/wp\/v2\/users\/1"}],"replies":[{"embeddable":true,"href":"https:\/\/nck.krakow.pl\/galeriacentrum\/wp-json\/wp\/v2\/comments?post=1226"}],"version-history":[{"count":1,"href":"https:\/\/nck.krakow.pl\/galeriacentrum\/wp-json\/wp\/v2\/posts\/1226\/revisions"}],"predecessor-version":[{"id":1227,"href":"https:\/\/nck.krakow.pl\/galeriacentrum\/wp-json\/wp\/v2\/posts\/1226\/revisions\/1227"}],"wp:featuredmedia":[{"embeddable":true,"href":"https:\/\/nck.krakow.pl\/galeriacentrum\/wp-json\/wp\/v2\/media\/1900"}],"wp:attachment":[{"href":"https:\/\/nck.krakow.pl\/galeriacentrum\/wp-json\/wp\/v2\/media?parent=1226"}],"wp:term":[{"taxonomy":"category","embeddable":true,"href":"https:\/\/nck.krakow.pl\/galeriacentrum\/wp-json\/wp\/v2\/categories?post=1226"},{"taxonomy":"post_tag","embeddable":true,"href":"https:\/\/nck.krakow.pl\/galeriacentrum\/wp-json\/wp\/v2\/tags?post=1226"}],"curies":[{"name":"wp","href":"https:\/\/api.w.org\/{rel}","templated":true}]}}