{"id":1222,"date":"2010-11-30T13:53:58","date_gmt":"2010-11-30T13:53:58","guid":{"rendered":"http:\/\/centrum.nck.krakow.pl\/?p=1222"},"modified":"2017-02-27T11:28:06","modified_gmt":"2017-02-27T11:28:06","slug":"kazimierz-machowina","status":"publish","type":"post","link":"https:\/\/nck.krakow.pl\/galeriacentrum\/kazimierz-machowina\/","title":{"rendered":"Kazimierz Machowina"},"content":{"rendered":"<h1>Kazimierz Machowina<\/h1>\n<h2><\/h2>\n<div id=\"filter\"><\/div>\n<p>30-11-2010 \/ 27-12-2010<\/p>\n<p>Budynek C.<strong><br \/>\n<\/strong><\/p>\n<p><strong>Kazimierz Machowina <\/strong>uko\u0144czy\u0142 Akademi\u0119 Sztuk Pi\u0119knych w Krakowie w\u00a0pracowni prof. Emila Krchy w\u00a01966 roku. Uprawia malarstwo olejne, gwasz i\u00a0rysunek. W\u00a0swoim dorobku artystycznym ma szereg wystaw zbiorowych i 33 wystawy indywidualne. Wa\u017cniejsze miasta, gdzie wystawia\u0142 to: Ottawa, Kolonia, Krak\u00f3w, Pozna\u0144, Mainz, Kielce, Warszawa, Rawenna, Budapeszt. Otrzyma\u0142 liczne nagrody i\u00a0wyr\u00f3\u017cnienia, m.\u00a0in. medal \u201eGloria Artis\u201d, medal Komisji Edukacji Narodowej, medal \u015bw. Brata Alberta, order \u201eZ\u0142otej Ramki\u201d. Jest cz\u0142onkiem ZPAP. Jego prace pozostaj\u0105 w\u00a0zbiorach pa\u0144stwowych i\u00a0prywatnych w\u00a0kraju i za granic\u0105. Wyda\u0142 trzy tomiki poezji: \u201eCyrk\u201d, \u201ePtasi Chrystus\u201d oraz \u201eMalarstwo poezja\u201d.<\/p>\n<p>CO\u015a SWOJEGO \u2013 rysunki Kazimierza Machowiny<\/p>\n<p>Rysunek jako medium, w\u00a0swojej przejrzysto\u015bci i\u00a0natychmiastowo\u015bci, jest najpewniej najbardziej bezpo\u015bredni\u0105 z technik artystycznych. W\u00a0formie szkicu wyra\u017ca wysoce instynktowny punkt widzenia na wizualn\u0105 rzeczywisto\u015b\u0107; Jako dzie\u0142o sko\u0144czone, natomiast, zdradza pewn\u0105 prawd\u0119 o arty\u015bcie-opowiadaczu, architekcie wyobra\u017ce\u0144 i platonicznych idei, rozumianych niejako w\u00a0opozycji do kolorystycznej magii malarstwa.<br \/>\nStylistycznie konsekwentne o\u0142\u00f3wkowe prace artysty s\u0105 manifestacj\u0105 silnej to\u017csamo\u015bci tw\u00f3rczej, ale r\u00f3wnie\u017c zdaj\u0105 si\u0119 by\u0107 naznaczone \u0142agodn\u0105 empati\u0105 wobec widz\u00f3w. Kontakt z tymi rysunkami rozpoczynamy od ogarni\u0119cia wzrokiem linearnej kompozycji, ocenienia powierzchownej prostoty, syntezy \u2013 wszystko to, aby w b\u0142ysku sekundy odnale\u017a\u0107 znajomy \u015blad \u2013 twarz kota u\u015bmiechaj\u0105c\u0105 si\u0119 figlarnie, spuszczone nie\u015bmia\u0142o spojrzenie kobiety, zarys dymi\u0105cego kominka, korpus wypoczywaj\u0105cego leniwie zwierzaka lub \u0142agodnie zaokr\u0105glony profil wzg\u00f3rza.<br \/>\nPrzyjemno\u015b\u0107 i satysfakcja p\u0142yn\u0105ce z odkrycia znajomych kszta\u0142t\u00f3w jest jednak dopiero zwielokrotniona, gdy w mgnieniu jednej my\u015bli, z\u00a0lekko\u015bci\u0105 nakre\u015blony rysunek sam upomina si\u0119 o\u00a0uznanie. Swojskie anegdoty powracaj\u0105cych postaci i widok\u00f3w s\u0105 bowiem wypisane przez artyst\u0119 z kaligraficzn\u0105 wr\u0119cz wpraw\u0105. Powracaj\u0105ce motywy i formy w sztuce najcz\u0119\u015bciej sk\u0142aniaj\u0105 do biograficznych, symbolicznych lub psychologizuj\u0105cych analiz. Wywodz\u0105ca si\u0119 w tego ostatniego punktu widzenia praktyka rysunku automatycznego przysz\u0142a mi na my\u015bl momentalnie w moim pierwszym zetkni\u0119ciu z rysunkami Kazimierza Machowiny, kiedy pokazano mi szkicowy portret pewnego kota. Chocia\u017c obecno\u015b\u0107 zwierz\u0119cia jest natychmiastowo widoczna i nie wymaga \u201eodczytywania\u201d, kompozycja jako suma o\u015bmiu ci\u0105g\u0142ych i punktowych nakre\u015ble\u0144 na papierze wydaje si\u0119 nie tylko nie\u015b\u0107 przekaz tematyczny, ale tak\u017ce jest pewnego rodzaju formaln\u0105 deklaracj\u0105. Pokrewie\u0144stwo z\u00a0rysunkiem automatycznym tkwi bowiem w przypadku tych zwierzak\u00f3w, tych kobiet i tych krajobraz\u00f3w tak w szczero\u015bci intencji jak i\u00a0mistrzowskiej \u201emimowolno\u015bci\u201d wykonania. Ta wolna od pretensji subtelna szczero\u015b\u0107 manifestuje si\u0119 nie tylko w rysunkach prezentowanych na obecnej wystawie, ale tak\u017ce w malarstwie i przede wszystkim poezji artysty. To ta prawdziwo\u015b\u0107, wreszcie, jest tropem za kt\u00f3rym warto przej\u015b\u0107 po przestrzeni ekspozycji \u2013 by w\u00a0ten spos\u00f3b odnale\u017a\u0107 my\u015bli i wra\u017cliwo\u015b\u0107 artysty, ale tak\u017ce na pewno i co\u015b ca\u0142kiem osobistego-swojego.<\/p>\n<p align=\"right\"><em>\u0141ukasz Lewi\u0144ski<\/em><\/p>\n<p>Galeria zdj\u0119\u0107:<\/p>\n<div id=\"freewall\" class=\"free-wall-1\" data-min-width=\"2640\" data-total-col=\"8\" data-total-row=\"469\" data-wall-width=\"1719\" data-wall-height=\"454\">\n<div id=\"1-2\" class=\"box\" data-delay=\"1\" data-height=\"191\" data-width=\"150\" data-state=\"start\"><a class=\"fancybox-effects-c\" title=\"Kazimierz Machowina \/ \" href=\"http:\/\/www.adm.grades.com.pl\/modules\/gallery\/file-uploader-master\/server\/uploads\/galeriacentrum\/abee80266bb4868323a03fba3f316f3a.jpg\" data-fancybox-group=\"gallery\"><img decoding=\"async\" src=\"http:\/\/www.adm.grades.com.pl\/modules\/gallery\/file-uploader-master\/server\/uploads\/galeriacentrum\/abee80266bb4868323a03fba3f316f3a.jpg\" alt=\"\" \/><\/a><\/div>\n<div class=\"box\" data-delay=\"1\" data-height=\"191\" data-width=\"150\" data-state=\"start\"><\/div>\n<div id=\"2-2\" class=\"box\" data-delay=\"2\" data-height=\"118\" data-width=\"150\" data-state=\"start\"><a class=\"fancybox-effects-c\" title=\"Kazimierz Machowina \/ \" href=\"http:\/\/www.adm.grades.com.pl\/modules\/gallery\/file-uploader-master\/server\/uploads\/galeriacentrum\/7841c496e7157a9a640ee9881c3c53f7.jpg\" data-fancybox-group=\"gallery\"><img decoding=\"async\" src=\"http:\/\/www.adm.grades.com.pl\/modules\/gallery\/file-uploader-master\/server\/uploads\/galeriacentrum\/7841c496e7157a9a640ee9881c3c53f7.jpg\" alt=\"\" \/><\/a><\/div>\n<div class=\"box\" data-delay=\"2\" data-height=\"118\" data-width=\"150\" data-state=\"start\"><\/div>\n<div id=\"3-2\" class=\"box\" data-delay=\"3\" data-height=\"157\" data-width=\"150\" data-state=\"start\"><a class=\"fancybox-effects-c\" title=\"Kazimierz Machowina \/ \" href=\"http:\/\/www.adm.grades.com.pl\/modules\/gallery\/file-uploader-master\/server\/uploads\/galeriacentrum\/c4ea0ba40b97f40e88af8d432fe011b1.jpg\" data-fancybox-group=\"gallery\"><img decoding=\"async\" src=\"http:\/\/www.adm.grades.com.pl\/modules\/gallery\/file-uploader-master\/server\/uploads\/galeriacentrum\/c4ea0ba40b97f40e88af8d432fe011b1.jpg\" alt=\"\" \/><\/a><\/div>\n<div class=\"box\" data-delay=\"3\" data-height=\"157\" data-width=\"150\" data-state=\"start\"><\/div>\n<div id=\"4-2\" class=\"box\" data-delay=\"4\" data-height=\"250\" data-width=\"150\" data-state=\"start\"><\/div>\n<div id=\"5-2\" class=\"box\" data-delay=\"5\" data-height=\"77\" data-width=\"150\" data-state=\"start\"><\/div>\n<div class=\"box\" data-delay=\"5\" data-height=\"77\" data-width=\"150\" data-state=\"start\"><a class=\"fancybox-effects-c\" title=\"Kazimierz Machowina \/ \" href=\"http:\/\/www.adm.grades.com.pl\/modules\/gallery\/file-uploader-master\/server\/uploads\/galeriacentrum\/3e80f1542ca0e3ca070f7bc1930ca10b.jpg\" data-fancybox-group=\"gallery\"><img decoding=\"async\" src=\"http:\/\/www.adm.grades.com.pl\/modules\/gallery\/file-uploader-master\/server\/uploads\/galeriacentrum\/3e80f1542ca0e3ca070f7bc1930ca10b.jpg\" alt=\"\" \/><\/a><\/div>\n<div class=\"box\" data-delay=\"5\" data-height=\"77\" data-width=\"150\" data-state=\"start\"><\/div>\n<div id=\"6-2\" class=\"box\" data-delay=\"6\" data-height=\"288\" data-width=\"150\" data-state=\"start\"><a class=\"fancybox-effects-c\" title=\"Kazimierz Machowina \/ \" href=\"http:\/\/www.adm.grades.com.pl\/modules\/gallery\/file-uploader-master\/server\/uploads\/galeriacentrum\/a33926ac2bff70b2f8cfab3f38dcf8df.jpg\" data-fancybox-group=\"gallery\"><img decoding=\"async\" src=\"http:\/\/www.adm.grades.com.pl\/modules\/gallery\/file-uploader-master\/server\/uploads\/galeriacentrum\/a33926ac2bff70b2f8cfab3f38dcf8df.jpg\" alt=\"\" \/><\/a><\/div>\n<div class=\"box\" data-delay=\"6\" data-height=\"288\" data-width=\"150\" data-state=\"start\"><\/div>\n<div id=\"7-2\" class=\"box\" data-delay=\"7\" data-height=\"288\" data-width=\"150\" data-state=\"start\"><a class=\"fancybox-effects-c\" title=\"Kazimierz Machowina \/ \" href=\"http:\/\/www.adm.grades.com.pl\/modules\/gallery\/file-uploader-master\/server\/uploads\/galeriacentrum\/183977d3eaf1616f228a40b452c653c3.jpg\" data-fancybox-group=\"gallery\"><img decoding=\"async\" src=\"http:\/\/www.adm.grades.com.pl\/modules\/gallery\/file-uploader-master\/server\/uploads\/galeriacentrum\/183977d3eaf1616f228a40b452c653c3.jpg\" alt=\"\" \/><\/a><\/div>\n<div class=\"box\" data-delay=\"7\" data-height=\"288\" data-width=\"150\" data-state=\"start\"><\/div>\n<div id=\"8-2\" class=\"box\" data-delay=\"8\" data-height=\"258\" data-width=\"150\" data-state=\"start\"><a class=\"fancybox-effects-c\" title=\"Kazimierz Machowina \/ \" href=\"http:\/\/www.adm.grades.com.pl\/modules\/gallery\/file-uploader-master\/server\/uploads\/galeriacentrum\/4bf7b3aae1a97cb442bd4e793b915ea2.jpg\" data-fancybox-group=\"gallery\"><img decoding=\"async\" src=\"http:\/\/www.adm.grades.com.pl\/modules\/gallery\/file-uploader-master\/server\/uploads\/galeriacentrum\/4bf7b3aae1a97cb442bd4e793b915ea2.jpg\" alt=\"\" \/><\/a><\/div>\n<div class=\"box\" data-delay=\"8\" data-height=\"258\" data-width=\"150\" data-state=\"start\"><\/div>\n<\/div>\n","protected":false},"excerpt":{"rendered":"<p>Kazimierz Machowina 30-11-2010 \/ 27-12-2010 Budynek C. Kazimierz Machowina uko\u0144czy\u0142 Akademi\u0119 Sztuk Pi\u0119knych w Krakowie w\u00a0pracowni prof. Emila Krchy w\u00a01966 roku. Uprawia malarstwo olejne, gwasz i\u00a0rysunek. W\u00a0swoim dorobku artystycznym ma szereg wystaw zbiorowych i 33 wystawy indywidualne. Wa\u017cniejsze miasta, gdzie wystawia\u0142 to: Ottawa, Kolonia, Krak\u00f3w, Pozna\u0144, Mainz, Kielce, Warszawa, Rawenna, Budapeszt. Otrzyma\u0142 liczne nagrody i\u00a0wyr\u00f3\u017cnienia,<a class=\"moretag\" href=\"https:\/\/nck.krakow.pl\/galeriacentrum\/kazimierz-machowina\/\"><span class=\"screen-reader-text\">Wi\u0119cej oKazimierz Machowina<\/span>[&#8230;]<\/a><\/p>\n","protected":false},"author":1,"featured_media":1890,"comment_status":"closed","ping_status":"open","sticky":false,"template":"","format":"standard","meta":{"footnotes":""},"categories":[41,11,2],"tags":[],"class_list":["post-1222","post","type-post","status-publish","format-standard","has-post-thumbnail","hentry","category-41","category-rysunek","category-wystawy"],"yoast_head":"<!-- This site is optimized with the Yoast SEO plugin v19.12 - https:\/\/yoast.com\/wordpress\/plugins\/seo\/ -->\n<title>Kazimierz Machowina - Galeria CENTRUM<\/title>\n<meta name=\"robots\" content=\"index, follow, max-snippet:-1, max-image-preview:large, max-video-preview:-1\" \/>\n<link rel=\"canonical\" href=\"https:\/\/nck.krakow.pl\/galeriacentrum\/kazimierz-machowina\/\" \/>\n<meta property=\"og:locale\" content=\"pl_PL\" \/>\n<meta property=\"og:type\" content=\"article\" \/>\n<meta property=\"og:title\" content=\"Kazimierz Machowina - Galeria CENTRUM\" \/>\n<meta property=\"og:description\" content=\"Kazimierz Machowina 30-11-2010 \/ 27-12-2010 Budynek C. Kazimierz Machowina uko\u0144czy\u0142 Akademi\u0119 Sztuk Pi\u0119knych w Krakowie w\u00a0pracowni prof. Emila Krchy w\u00a01966 roku. Uprawia malarstwo olejne, gwasz i\u00a0rysunek. W\u00a0swoim dorobku artystycznym ma szereg wystaw zbiorowych i 33 wystawy indywidualne. Wa\u017cniejsze miasta, gdzie wystawia\u0142 to: Ottawa, Kolonia, Krak\u00f3w, Pozna\u0144, Mainz, Kielce, Warszawa, Rawenna, Budapeszt. Otrzyma\u0142 liczne nagrody i\u00a0wyr\u00f3\u017cnienia,Wi\u0119cej oKazimierz Machowina[...]\" \/>\n<meta property=\"og:url\" content=\"https:\/\/nck.krakow.pl\/galeriacentrum\/kazimierz-machowina\/\" \/>\n<meta property=\"og:site_name\" content=\"Galeria CENTRUM\" \/>\n<meta property=\"article:published_time\" content=\"2010-11-30T13:53:58+00:00\" \/>\n<meta property=\"article:modified_time\" content=\"2017-02-27T11:28:06+00:00\" \/>\n<meta property=\"og:image\" content=\"https:\/\/nck.krakow.pl\/galeriacentrum\/wp-content\/uploads\/2010\/11\/Projekt-bez-tytu\u0142u-49.jpg\" \/>\n\t<meta property=\"og:image:width\" content=\"1024\" \/>\n\t<meta property=\"og:image:height\" content=\"512\" \/>\n\t<meta property=\"og:image:type\" content=\"image\/jpeg\" \/>\n<meta name=\"author\" content=\"admin\" \/>\n<meta name=\"twitter:card\" content=\"summary_large_image\" \/>\n<meta name=\"twitter:label1\" content=\"Written by\" \/>\n\t<meta name=\"twitter:data1\" content=\"admin\" \/>\n\t<meta name=\"twitter:label2\" content=\"Est. reading time\" \/>\n\t<meta name=\"twitter:data2\" content=\"2 minuty\" \/>\n<script type=\"application\/ld+json\" class=\"yoast-schema-graph\">{\"@context\":\"https:\/\/schema.org\",\"@graph\":[{\"@type\":\"WebPage\",\"@id\":\"https:\/\/nck.krakow.pl\/galeriacentrum\/kazimierz-machowina\/\",\"url\":\"https:\/\/nck.krakow.pl\/galeriacentrum\/kazimierz-machowina\/\",\"name\":\"Kazimierz Machowina - Galeria CENTRUM\",\"isPartOf\":{\"@id\":\"https:\/\/nck.krakow.pl\/galeriacentrum\/#website\"},\"datePublished\":\"2010-11-30T13:53:58+00:00\",\"dateModified\":\"2017-02-27T11:28:06+00:00\",\"author\":{\"@id\":\"https:\/\/nck.krakow.pl\/galeriacentrum\/#\/schema\/person\/563c655e7f8cea2c4a5e30b62aad544b\"},\"breadcrumb\":{\"@id\":\"https:\/\/nck.krakow.pl\/galeriacentrum\/kazimierz-machowina\/#breadcrumb\"},\"inLanguage\":\"pl-PL\",\"potentialAction\":[{\"@type\":\"ReadAction\",\"target\":[\"https:\/\/nck.krakow.pl\/galeriacentrum\/kazimierz-machowina\/\"]}]},{\"@type\":\"BreadcrumbList\",\"@id\":\"https:\/\/nck.krakow.pl\/galeriacentrum\/kazimierz-machowina\/#breadcrumb\",\"itemListElement\":[{\"@type\":\"ListItem\",\"position\":1,\"name\":\"Strona g\u0142\u00f3wna\",\"item\":\"https:\/\/nck.krakow.pl\/galeriacentrum\/\"},{\"@type\":\"ListItem\",\"position\":2,\"name\":\"Kazimierz Machowina\"}]},{\"@type\":\"WebSite\",\"@id\":\"https:\/\/nck.krakow.pl\/galeriacentrum\/#website\",\"url\":\"https:\/\/nck.krakow.pl\/galeriacentrum\/\",\"name\":\"Galeria CENTRUM\",\"description\":\"Galeria Centrum\",\"potentialAction\":[{\"@type\":\"SearchAction\",\"target\":{\"@type\":\"EntryPoint\",\"urlTemplate\":\"https:\/\/nck.krakow.pl\/galeriacentrum\/?s={search_term_string}\"},\"query-input\":\"required name=search_term_string\"}],\"inLanguage\":\"pl-PL\"},{\"@type\":\"Person\",\"@id\":\"https:\/\/nck.krakow.pl\/galeriacentrum\/#\/schema\/person\/563c655e7f8cea2c4a5e30b62aad544b\",\"name\":\"admin\",\"image\":{\"@type\":\"ImageObject\",\"inLanguage\":\"pl-PL\",\"@id\":\"https:\/\/nck.krakow.pl\/galeriacentrum\/#\/schema\/person\/image\/\",\"url\":\"https:\/\/secure.gravatar.com\/avatar\/3753dfce494871fdf8ea4a271450f78c?s=96&d=mm&r=g\",\"contentUrl\":\"https:\/\/secure.gravatar.com\/avatar\/3753dfce494871fdf8ea4a271450f78c?s=96&d=mm&r=g\",\"caption\":\"admin\"},\"url\":\"https:\/\/nck.krakow.pl\/galeriacentrum\/author\/admin\/\"}]}<\/script>\n<!-- \/ Yoast SEO plugin. -->","yoast_head_json":{"title":"Kazimierz Machowina - Galeria CENTRUM","robots":{"index":"index","follow":"follow","max-snippet":"max-snippet:-1","max-image-preview":"max-image-preview:large","max-video-preview":"max-video-preview:-1"},"canonical":"https:\/\/nck.krakow.pl\/galeriacentrum\/kazimierz-machowina\/","og_locale":"pl_PL","og_type":"article","og_title":"Kazimierz Machowina - Galeria CENTRUM","og_description":"Kazimierz Machowina 30-11-2010 \/ 27-12-2010 Budynek C. Kazimierz Machowina uko\u0144czy\u0142 Akademi\u0119 Sztuk Pi\u0119knych w Krakowie w\u00a0pracowni prof. Emila Krchy w\u00a01966 roku. Uprawia malarstwo olejne, gwasz i\u00a0rysunek. W\u00a0swoim dorobku artystycznym ma szereg wystaw zbiorowych i 33 wystawy indywidualne. Wa\u017cniejsze miasta, gdzie wystawia\u0142 to: Ottawa, Kolonia, Krak\u00f3w, Pozna\u0144, Mainz, Kielce, Warszawa, Rawenna, Budapeszt. Otrzyma\u0142 liczne nagrody i\u00a0wyr\u00f3\u017cnienia,Wi\u0119cej oKazimierz Machowina[...]","og_url":"https:\/\/nck.krakow.pl\/galeriacentrum\/kazimierz-machowina\/","og_site_name":"Galeria CENTRUM","article_published_time":"2010-11-30T13:53:58+00:00","article_modified_time":"2017-02-27T11:28:06+00:00","og_image":[{"width":1024,"height":512,"url":"https:\/\/nck.krakow.pl\/galeriacentrum\/wp-content\/uploads\/2010\/11\/Projekt-bez-tytu\u0142u-49.jpg","type":"image\/jpeg"}],"author":"admin","twitter_card":"summary_large_image","twitter_misc":{"Written by":"admin","Est. reading time":"2 minuty"},"schema":{"@context":"https:\/\/schema.org","@graph":[{"@type":"WebPage","@id":"https:\/\/nck.krakow.pl\/galeriacentrum\/kazimierz-machowina\/","url":"https:\/\/nck.krakow.pl\/galeriacentrum\/kazimierz-machowina\/","name":"Kazimierz Machowina - Galeria CENTRUM","isPartOf":{"@id":"https:\/\/nck.krakow.pl\/galeriacentrum\/#website"},"datePublished":"2010-11-30T13:53:58+00:00","dateModified":"2017-02-27T11:28:06+00:00","author":{"@id":"https:\/\/nck.krakow.pl\/galeriacentrum\/#\/schema\/person\/563c655e7f8cea2c4a5e30b62aad544b"},"breadcrumb":{"@id":"https:\/\/nck.krakow.pl\/galeriacentrum\/kazimierz-machowina\/#breadcrumb"},"inLanguage":"pl-PL","potentialAction":[{"@type":"ReadAction","target":["https:\/\/nck.krakow.pl\/galeriacentrum\/kazimierz-machowina\/"]}]},{"@type":"BreadcrumbList","@id":"https:\/\/nck.krakow.pl\/galeriacentrum\/kazimierz-machowina\/#breadcrumb","itemListElement":[{"@type":"ListItem","position":1,"name":"Strona g\u0142\u00f3wna","item":"https:\/\/nck.krakow.pl\/galeriacentrum\/"},{"@type":"ListItem","position":2,"name":"Kazimierz Machowina"}]},{"@type":"WebSite","@id":"https:\/\/nck.krakow.pl\/galeriacentrum\/#website","url":"https:\/\/nck.krakow.pl\/galeriacentrum\/","name":"Galeria CENTRUM","description":"Galeria Centrum","potentialAction":[{"@type":"SearchAction","target":{"@type":"EntryPoint","urlTemplate":"https:\/\/nck.krakow.pl\/galeriacentrum\/?s={search_term_string}"},"query-input":"required name=search_term_string"}],"inLanguage":"pl-PL"},{"@type":"Person","@id":"https:\/\/nck.krakow.pl\/galeriacentrum\/#\/schema\/person\/563c655e7f8cea2c4a5e30b62aad544b","name":"admin","image":{"@type":"ImageObject","inLanguage":"pl-PL","@id":"https:\/\/nck.krakow.pl\/galeriacentrum\/#\/schema\/person\/image\/","url":"https:\/\/secure.gravatar.com\/avatar\/3753dfce494871fdf8ea4a271450f78c?s=96&d=mm&r=g","contentUrl":"https:\/\/secure.gravatar.com\/avatar\/3753dfce494871fdf8ea4a271450f78c?s=96&d=mm&r=g","caption":"admin"},"url":"https:\/\/nck.krakow.pl\/galeriacentrum\/author\/admin\/"}]}},"_links":{"self":[{"href":"https:\/\/nck.krakow.pl\/galeriacentrum\/wp-json\/wp\/v2\/posts\/1222"}],"collection":[{"href":"https:\/\/nck.krakow.pl\/galeriacentrum\/wp-json\/wp\/v2\/posts"}],"about":[{"href":"https:\/\/nck.krakow.pl\/galeriacentrum\/wp-json\/wp\/v2\/types\/post"}],"author":[{"embeddable":true,"href":"https:\/\/nck.krakow.pl\/galeriacentrum\/wp-json\/wp\/v2\/users\/1"}],"replies":[{"embeddable":true,"href":"https:\/\/nck.krakow.pl\/galeriacentrum\/wp-json\/wp\/v2\/comments?post=1222"}],"version-history":[{"count":1,"href":"https:\/\/nck.krakow.pl\/galeriacentrum\/wp-json\/wp\/v2\/posts\/1222\/revisions"}],"predecessor-version":[{"id":1223,"href":"https:\/\/nck.krakow.pl\/galeriacentrum\/wp-json\/wp\/v2\/posts\/1222\/revisions\/1223"}],"wp:featuredmedia":[{"embeddable":true,"href":"https:\/\/nck.krakow.pl\/galeriacentrum\/wp-json\/wp\/v2\/media\/1890"}],"wp:attachment":[{"href":"https:\/\/nck.krakow.pl\/galeriacentrum\/wp-json\/wp\/v2\/media?parent=1222"}],"wp:term":[{"taxonomy":"category","embeddable":true,"href":"https:\/\/nck.krakow.pl\/galeriacentrum\/wp-json\/wp\/v2\/categories?post=1222"},{"taxonomy":"post_tag","embeddable":true,"href":"https:\/\/nck.krakow.pl\/galeriacentrum\/wp-json\/wp\/v2\/tags?post=1222"}],"curies":[{"name":"wp","href":"https:\/\/api.w.org\/{rel}","templated":true}]}}