{"id":1218,"date":"2010-07-20T13:45:12","date_gmt":"2010-07-20T13:45:12","guid":{"rendered":"http:\/\/centrum.nck.krakow.pl\/?p=1218"},"modified":"2017-02-27T11:27:48","modified_gmt":"2017-02-27T11:27:48","slug":"wieslaw-nadymus","status":"publish","type":"post","link":"https:\/\/nck.krakow.pl\/galeriacentrum\/wieslaw-nadymus\/","title":{"rendered":"Wies\u0142aw Nadymus"},"content":{"rendered":"<div class=\"wrap\">\n<h1>Wies\u0142aw Nadymus<\/h1>\n<h2><\/h2>\n<div id=\"filter\"><\/div>\n<p>20-7-2010 \/ 21-8-2010<\/p>\n<p>Budynek\u00a0B.<strong><br \/>\n<\/strong><\/p>\n<p>Wies\u0142aw Nadymus urodzony w 1960 roku. Absolwent Pa\u0144stwowego Liceum Sztuk Plastycznych w Krakowie (1975-1980). W latach 1981-86 studia w krakowskiej Akademii Sztuk Pi\u0119knych na Wydziale Malarstwa. Dyplom z wyr\u00f3\u017cnieniem w pracowni prof. Zbigniewa Grzybowskiego. Stypendysta MKiSz 1986\/87. Zajmuje si\u0119 malarstwem sztalugowym, \u015bciennym, grafik\u0105, rze\u017ab\u0105, aran\u017cacj\u0105 wystaw, projektowaniem komputerowym. Prace w zbiorach prywatnych w kraju i za granic\u0105.<\/p>\n<p><em>(\u2026) Sztuka to trud fizyczny, ludzki trud rodzenia si\u0119, kt\u00f3ry znajduje swe odbicie w obrazach ukazanych w procesie powstawania. Si\u0142a sztuki nie le\u017cy w dziedzinie dos\u0142ownego reporta\u017cu, lecz w funkcji wyobra\u017ani, kt\u00f3ra nie ma nic wsp\u00f3lnego z realn\u0105 przestrzeni\u0105 istniej\u0105c\u0105 poza p\u0142\u00f3tnem.<br \/>\nPowa\u017cne malarstwo dnia dzisiejszego wyklucza nawr\u00f3t do konwencji realistycznego przedstawienia. Pos\u0142uguj\u0105c si\u0119 w tym celu r\u00f3\u017cnymi \u015brodkami, zwraca uwag\u0119 widza na usytuowanie obrazu przez uwypuklenie czysto fizycznej materialno\u015bci farby lub wtapiaj\u0105c kszta\u0142t w zbli\u017cone do niego t\u0142o.<br \/>\nMalarstwo Wies\u0142awa Nadymusa nawi\u0105zuj\u0105ce do za\u0142o\u017ce\u0144 sztuki XX wieku, pos\u0142uguje si\u0119 w obrazach plastycznymi elementami iluzji \u2013 \u015bwiat\u0142em, przestrzeni\u0105, kolorem i wyobra\u017ani\u0105.<br \/>\nArtysta sugestywnie przekazuje postrzeganie \u015bwiata, dzi\u0119ki czemu jego malarstwo znajduje odd\u017awi\u0119k u odbiorcy, co jest nieodzownym warunkiem sztuki.<\/em><\/p>\n<p align=\"right\"><em>Fragment wypowiedzi prof. Zbigniewa Grzybowskiego<\/em><\/p>\n<p>Galeria zdj\u0119\u0107:<\/p>\n<\/div>\n<div class=\"wrap\"><\/div>\n<div class=\"wrap\">\n<div id=\"freewall\" class=\"free-wall-1\" data-min-width=\"2640\" data-total-col=\"5\" data-total-row=\"301\" data-wall-width=\"1069\" data-wall-height=\"286\">\n<div id=\"1-2\" class=\"box\" data-delay=\"1\" data-height=\"145\" data-width=\"150\" data-state=\"start\"><\/div>\n<div class=\"box\" data-delay=\"1\" data-height=\"145\" data-width=\"150\" data-state=\"start\"><\/div>\n<div class=\"box\" data-delay=\"1\" data-height=\"145\" data-width=\"150\" data-state=\"start\"><a class=\"fancybox-effects-c\" title=\"Wies\u0142aw Nadymus \/ \" href=\"http:\/\/www.adm.grades.com.pl\/modules\/gallery\/file-uploader-master\/server\/uploads\/galeriacentrum\/75f34692230943b4f679b2cacda1c99e.jpg\" data-fancybox-group=\"gallery\"><img decoding=\"async\" src=\"http:\/\/www.adm.grades.com.pl\/modules\/gallery\/file-uploader-master\/server\/uploads\/galeriacentrum\/75f34692230943b4f679b2cacda1c99e.jpg\" alt=\"\" \/><\/a><\/div>\n<div class=\"box\" data-delay=\"1\" data-height=\"145\" data-width=\"150\" data-state=\"start\"><\/div>\n<div id=\"2-2\" class=\"box\" data-delay=\"2\" data-height=\"169\" data-width=\"150\" data-state=\"start\"><a class=\"fancybox-effects-c\" title=\"Wies\u0142aw Nadymus \/ \" href=\"http:\/\/www.adm.grades.com.pl\/modules\/gallery\/file-uploader-master\/server\/uploads\/galeriacentrum\/e20c025b10556b9b87096207ddd90fd5.jpg\" data-fancybox-group=\"gallery\"><img decoding=\"async\" src=\"http:\/\/www.adm.grades.com.pl\/modules\/gallery\/file-uploader-master\/server\/uploads\/galeriacentrum\/e20c025b10556b9b87096207ddd90fd5.jpg\" alt=\"\" \/><\/a><\/div>\n<div class=\"box\" data-delay=\"2\" data-height=\"169\" data-width=\"150\" data-state=\"start\"><\/div>\n<div id=\"3-2\" class=\"box\" data-delay=\"3\" data-height=\"213\" data-width=\"150\" data-state=\"start\"><a class=\"fancybox-effects-c\" title=\"Wies\u0142aw Nadymus \/ \" href=\"http:\/\/www.adm.grades.com.pl\/modules\/gallery\/file-uploader-master\/server\/uploads\/galeriacentrum\/9612a541272889d88853acd6fb8192bf.jpg\" data-fancybox-group=\"gallery\"><img decoding=\"async\" src=\"http:\/\/www.adm.grades.com.pl\/modules\/gallery\/file-uploader-master\/server\/uploads\/galeriacentrum\/9612a541272889d88853acd6fb8192bf.jpg\" alt=\"\" \/><\/a><\/div>\n<div class=\"box\" data-delay=\"3\" data-height=\"213\" data-width=\"150\" data-state=\"start\"><\/div>\n<div id=\"4-2\" class=\"box\" data-delay=\"4\" data-height=\"133\" data-width=\"150\" data-state=\"start\"><a class=\"fancybox-effects-c\" title=\"Wies\u0142aw Nadymus \/ \" href=\"http:\/\/www.adm.grades.com.pl\/modules\/gallery\/file-uploader-master\/server\/uploads\/galeriacentrum\/f893fecb35bfaf4cb11e7c90fb2a7f0f.jpg\" data-fancybox-group=\"gallery\"><img decoding=\"async\" src=\"http:\/\/www.adm.grades.com.pl\/modules\/gallery\/file-uploader-master\/server\/uploads\/galeriacentrum\/f893fecb35bfaf4cb11e7c90fb2a7f0f.jpg\" alt=\"\" \/><\/a><\/div>\n<div class=\"box\" data-delay=\"4\" data-height=\"133\" data-width=\"150\" data-state=\"start\"><\/div>\n<div id=\"5-2\" class=\"box\" data-delay=\"5\" data-height=\"133\" data-width=\"150\" data-state=\"start\"><a class=\"fancybox-effects-c\" title=\"Wies\u0142aw Nadymus \/ \" href=\"http:\/\/www.adm.grades.com.pl\/modules\/gallery\/file-uploader-master\/server\/uploads\/galeriacentrum\/90460607b7e888082ddca0519c119051.jpg\" data-fancybox-group=\"gallery\"><img decoding=\"async\" src=\"http:\/\/www.adm.grades.com.pl\/modules\/gallery\/file-uploader-master\/server\/uploads\/galeriacentrum\/90460607b7e888082ddca0519c119051.jpg\" alt=\"\" \/><\/a><\/div>\n<\/div>\n<\/div>\n","protected":false},"excerpt":{"rendered":"<p>Wies\u0142aw Nadymus 20-7-2010 \/ 21-8-2010 Budynek\u00a0B. Wies\u0142aw Nadymus urodzony w 1960 roku. Absolwent Pa\u0144stwowego Liceum Sztuk Plastycznych w Krakowie (1975-1980). W latach 1981-86 studia w krakowskiej Akademii Sztuk Pi\u0119knych na Wydziale Malarstwa. Dyplom z wyr\u00f3\u017cnieniem w pracowni prof. Zbigniewa Grzybowskiego. Stypendysta MKiSz 1986\/87. Zajmuje si\u0119 malarstwem sztalugowym, \u015bciennym, grafik\u0105, rze\u017ab\u0105, aran\u017cacj\u0105 wystaw, projektowaniem komputerowym. Prace<a class=\"moretag\" href=\"https:\/\/nck.krakow.pl\/galeriacentrum\/wieslaw-nadymus\/\"><span class=\"screen-reader-text\">Wi\u0119cej oWies\u0142aw Nadymus<\/span>[&#8230;]<\/a><\/p>\n","protected":false},"author":1,"featured_media":1888,"comment_status":"closed","ping_status":"open","sticky":false,"template":"","format":"standard","meta":{"footnotes":""},"categories":[41,5,2],"tags":[],"class_list":["post-1218","post","type-post","status-publish","format-standard","has-post-thumbnail","hentry","category-41","category-malarstwo","category-wystawy"],"yoast_head":"<!-- This site is optimized with the Yoast SEO plugin v19.12 - https:\/\/yoast.com\/wordpress\/plugins\/seo\/ -->\n<title>Wies\u0142aw Nadymus - Galeria CENTRUM<\/title>\n<meta name=\"robots\" content=\"index, follow, max-snippet:-1, max-image-preview:large, max-video-preview:-1\" \/>\n<link rel=\"canonical\" href=\"https:\/\/nck.krakow.pl\/galeriacentrum\/wieslaw-nadymus\/\" \/>\n<meta property=\"og:locale\" content=\"pl_PL\" \/>\n<meta property=\"og:type\" content=\"article\" \/>\n<meta property=\"og:title\" content=\"Wies\u0142aw Nadymus - Galeria CENTRUM\" \/>\n<meta property=\"og:description\" content=\"Wies\u0142aw Nadymus 20-7-2010 \/ 21-8-2010 Budynek\u00a0B. Wies\u0142aw Nadymus urodzony w 1960 roku. Absolwent Pa\u0144stwowego Liceum Sztuk Plastycznych w Krakowie (1975-1980). W latach 1981-86 studia w krakowskiej Akademii Sztuk Pi\u0119knych na Wydziale Malarstwa. Dyplom z wyr\u00f3\u017cnieniem w pracowni prof. Zbigniewa Grzybowskiego. Stypendysta MKiSz 1986\/87. Zajmuje si\u0119 malarstwem sztalugowym, \u015bciennym, grafik\u0105, rze\u017ab\u0105, aran\u017cacj\u0105 wystaw, projektowaniem komputerowym. PraceWi\u0119cej oWies\u0142aw Nadymus[...]\" \/>\n<meta property=\"og:url\" content=\"https:\/\/nck.krakow.pl\/galeriacentrum\/wieslaw-nadymus\/\" \/>\n<meta property=\"og:site_name\" content=\"Galeria CENTRUM\" \/>\n<meta property=\"article:published_time\" content=\"2010-07-20T13:45:12+00:00\" \/>\n<meta property=\"article:modified_time\" content=\"2017-02-27T11:27:48+00:00\" \/>\n<meta property=\"og:image\" content=\"https:\/\/nck.krakow.pl\/galeriacentrum\/wp-content\/uploads\/2010\/07\/Projekt-bez-tytu\u0142u-18.jpg\" \/>\n\t<meta property=\"og:image:width\" content=\"1024\" \/>\n\t<meta property=\"og:image:height\" content=\"512\" \/>\n\t<meta property=\"og:image:type\" content=\"image\/jpeg\" \/>\n<meta name=\"author\" content=\"admin\" \/>\n<meta name=\"twitter:card\" content=\"summary_large_image\" \/>\n<meta name=\"twitter:label1\" content=\"Written by\" \/>\n\t<meta name=\"twitter:data1\" content=\"admin\" \/>\n\t<meta name=\"twitter:label2\" content=\"Est. reading time\" \/>\n\t<meta name=\"twitter:data2\" content=\"1 minuta\" \/>\n<script type=\"application\/ld+json\" class=\"yoast-schema-graph\">{\"@context\":\"https:\/\/schema.org\",\"@graph\":[{\"@type\":\"WebPage\",\"@id\":\"https:\/\/nck.krakow.pl\/galeriacentrum\/wieslaw-nadymus\/\",\"url\":\"https:\/\/nck.krakow.pl\/galeriacentrum\/wieslaw-nadymus\/\",\"name\":\"Wies\u0142aw Nadymus - Galeria CENTRUM\",\"isPartOf\":{\"@id\":\"https:\/\/nck.krakow.pl\/galeriacentrum\/#website\"},\"datePublished\":\"2010-07-20T13:45:12+00:00\",\"dateModified\":\"2017-02-27T11:27:48+00:00\",\"author\":{\"@id\":\"https:\/\/nck.krakow.pl\/galeriacentrum\/#\/schema\/person\/563c655e7f8cea2c4a5e30b62aad544b\"},\"breadcrumb\":{\"@id\":\"https:\/\/nck.krakow.pl\/galeriacentrum\/wieslaw-nadymus\/#breadcrumb\"},\"inLanguage\":\"pl-PL\",\"potentialAction\":[{\"@type\":\"ReadAction\",\"target\":[\"https:\/\/nck.krakow.pl\/galeriacentrum\/wieslaw-nadymus\/\"]}]},{\"@type\":\"BreadcrumbList\",\"@id\":\"https:\/\/nck.krakow.pl\/galeriacentrum\/wieslaw-nadymus\/#breadcrumb\",\"itemListElement\":[{\"@type\":\"ListItem\",\"position\":1,\"name\":\"Strona g\u0142\u00f3wna\",\"item\":\"https:\/\/nck.krakow.pl\/galeriacentrum\/\"},{\"@type\":\"ListItem\",\"position\":2,\"name\":\"Wies\u0142aw Nadymus\"}]},{\"@type\":\"WebSite\",\"@id\":\"https:\/\/nck.krakow.pl\/galeriacentrum\/#website\",\"url\":\"https:\/\/nck.krakow.pl\/galeriacentrum\/\",\"name\":\"Galeria CENTRUM\",\"description\":\"Galeria Centrum\",\"potentialAction\":[{\"@type\":\"SearchAction\",\"target\":{\"@type\":\"EntryPoint\",\"urlTemplate\":\"https:\/\/nck.krakow.pl\/galeriacentrum\/?s={search_term_string}\"},\"query-input\":\"required name=search_term_string\"}],\"inLanguage\":\"pl-PL\"},{\"@type\":\"Person\",\"@id\":\"https:\/\/nck.krakow.pl\/galeriacentrum\/#\/schema\/person\/563c655e7f8cea2c4a5e30b62aad544b\",\"name\":\"admin\",\"image\":{\"@type\":\"ImageObject\",\"inLanguage\":\"pl-PL\",\"@id\":\"https:\/\/nck.krakow.pl\/galeriacentrum\/#\/schema\/person\/image\/\",\"url\":\"https:\/\/secure.gravatar.com\/avatar\/3753dfce494871fdf8ea4a271450f78c?s=96&d=mm&r=g\",\"contentUrl\":\"https:\/\/secure.gravatar.com\/avatar\/3753dfce494871fdf8ea4a271450f78c?s=96&d=mm&r=g\",\"caption\":\"admin\"},\"url\":\"https:\/\/nck.krakow.pl\/galeriacentrum\/author\/admin\/\"}]}<\/script>\n<!-- \/ Yoast SEO plugin. -->","yoast_head_json":{"title":"Wies\u0142aw Nadymus - Galeria CENTRUM","robots":{"index":"index","follow":"follow","max-snippet":"max-snippet:-1","max-image-preview":"max-image-preview:large","max-video-preview":"max-video-preview:-1"},"canonical":"https:\/\/nck.krakow.pl\/galeriacentrum\/wieslaw-nadymus\/","og_locale":"pl_PL","og_type":"article","og_title":"Wies\u0142aw Nadymus - Galeria CENTRUM","og_description":"Wies\u0142aw Nadymus 20-7-2010 \/ 21-8-2010 Budynek\u00a0B. Wies\u0142aw Nadymus urodzony w 1960 roku. Absolwent Pa\u0144stwowego Liceum Sztuk Plastycznych w Krakowie (1975-1980). W latach 1981-86 studia w krakowskiej Akademii Sztuk Pi\u0119knych na Wydziale Malarstwa. Dyplom z wyr\u00f3\u017cnieniem w pracowni prof. Zbigniewa Grzybowskiego. Stypendysta MKiSz 1986\/87. Zajmuje si\u0119 malarstwem sztalugowym, \u015bciennym, grafik\u0105, rze\u017ab\u0105, aran\u017cacj\u0105 wystaw, projektowaniem komputerowym. PraceWi\u0119cej oWies\u0142aw Nadymus[...]","og_url":"https:\/\/nck.krakow.pl\/galeriacentrum\/wieslaw-nadymus\/","og_site_name":"Galeria CENTRUM","article_published_time":"2010-07-20T13:45:12+00:00","article_modified_time":"2017-02-27T11:27:48+00:00","og_image":[{"width":1024,"height":512,"url":"https:\/\/nck.krakow.pl\/galeriacentrum\/wp-content\/uploads\/2010\/07\/Projekt-bez-tytu\u0142u-18.jpg","type":"image\/jpeg"}],"author":"admin","twitter_card":"summary_large_image","twitter_misc":{"Written by":"admin","Est. reading time":"1 minuta"},"schema":{"@context":"https:\/\/schema.org","@graph":[{"@type":"WebPage","@id":"https:\/\/nck.krakow.pl\/galeriacentrum\/wieslaw-nadymus\/","url":"https:\/\/nck.krakow.pl\/galeriacentrum\/wieslaw-nadymus\/","name":"Wies\u0142aw Nadymus - Galeria CENTRUM","isPartOf":{"@id":"https:\/\/nck.krakow.pl\/galeriacentrum\/#website"},"datePublished":"2010-07-20T13:45:12+00:00","dateModified":"2017-02-27T11:27:48+00:00","author":{"@id":"https:\/\/nck.krakow.pl\/galeriacentrum\/#\/schema\/person\/563c655e7f8cea2c4a5e30b62aad544b"},"breadcrumb":{"@id":"https:\/\/nck.krakow.pl\/galeriacentrum\/wieslaw-nadymus\/#breadcrumb"},"inLanguage":"pl-PL","potentialAction":[{"@type":"ReadAction","target":["https:\/\/nck.krakow.pl\/galeriacentrum\/wieslaw-nadymus\/"]}]},{"@type":"BreadcrumbList","@id":"https:\/\/nck.krakow.pl\/galeriacentrum\/wieslaw-nadymus\/#breadcrumb","itemListElement":[{"@type":"ListItem","position":1,"name":"Strona g\u0142\u00f3wna","item":"https:\/\/nck.krakow.pl\/galeriacentrum\/"},{"@type":"ListItem","position":2,"name":"Wies\u0142aw Nadymus"}]},{"@type":"WebSite","@id":"https:\/\/nck.krakow.pl\/galeriacentrum\/#website","url":"https:\/\/nck.krakow.pl\/galeriacentrum\/","name":"Galeria CENTRUM","description":"Galeria Centrum","potentialAction":[{"@type":"SearchAction","target":{"@type":"EntryPoint","urlTemplate":"https:\/\/nck.krakow.pl\/galeriacentrum\/?s={search_term_string}"},"query-input":"required name=search_term_string"}],"inLanguage":"pl-PL"},{"@type":"Person","@id":"https:\/\/nck.krakow.pl\/galeriacentrum\/#\/schema\/person\/563c655e7f8cea2c4a5e30b62aad544b","name":"admin","image":{"@type":"ImageObject","inLanguage":"pl-PL","@id":"https:\/\/nck.krakow.pl\/galeriacentrum\/#\/schema\/person\/image\/","url":"https:\/\/secure.gravatar.com\/avatar\/3753dfce494871fdf8ea4a271450f78c?s=96&d=mm&r=g","contentUrl":"https:\/\/secure.gravatar.com\/avatar\/3753dfce494871fdf8ea4a271450f78c?s=96&d=mm&r=g","caption":"admin"},"url":"https:\/\/nck.krakow.pl\/galeriacentrum\/author\/admin\/"}]}},"_links":{"self":[{"href":"https:\/\/nck.krakow.pl\/galeriacentrum\/wp-json\/wp\/v2\/posts\/1218"}],"collection":[{"href":"https:\/\/nck.krakow.pl\/galeriacentrum\/wp-json\/wp\/v2\/posts"}],"about":[{"href":"https:\/\/nck.krakow.pl\/galeriacentrum\/wp-json\/wp\/v2\/types\/post"}],"author":[{"embeddable":true,"href":"https:\/\/nck.krakow.pl\/galeriacentrum\/wp-json\/wp\/v2\/users\/1"}],"replies":[{"embeddable":true,"href":"https:\/\/nck.krakow.pl\/galeriacentrum\/wp-json\/wp\/v2\/comments?post=1218"}],"version-history":[{"count":2,"href":"https:\/\/nck.krakow.pl\/galeriacentrum\/wp-json\/wp\/v2\/posts\/1218\/revisions"}],"predecessor-version":[{"id":1889,"href":"https:\/\/nck.krakow.pl\/galeriacentrum\/wp-json\/wp\/v2\/posts\/1218\/revisions\/1889"}],"wp:featuredmedia":[{"embeddable":true,"href":"https:\/\/nck.krakow.pl\/galeriacentrum\/wp-json\/wp\/v2\/media\/1888"}],"wp:attachment":[{"href":"https:\/\/nck.krakow.pl\/galeriacentrum\/wp-json\/wp\/v2\/media?parent=1218"}],"wp:term":[{"taxonomy":"category","embeddable":true,"href":"https:\/\/nck.krakow.pl\/galeriacentrum\/wp-json\/wp\/v2\/categories?post=1218"},{"taxonomy":"post_tag","embeddable":true,"href":"https:\/\/nck.krakow.pl\/galeriacentrum\/wp-json\/wp\/v2\/tags?post=1218"}],"curies":[{"name":"wp","href":"https:\/\/api.w.org\/{rel}","templated":true}]}}