{"id":1007,"date":"2005-03-29T10:21:44","date_gmt":"2005-03-29T10:21:44","guid":{"rendered":"http:\/\/centrum.nck.krakow.pl\/?p=1007"},"modified":"2017-02-28T08:57:43","modified_gmt":"2017-02-28T08:57:43","slug":"jerzy-romanik","status":"publish","type":"post","link":"https:\/\/nck.krakow.pl\/galeriacentrum\/jerzy-romanik\/","title":{"rendered":"Jerzy Romanik"},"content":{"rendered":"<h1><script src=\"\/\/www.google-analytics.com\/analytics.js\" async=\"\"><\/script>Jerzy Romanik<\/h1>\n<p><script src=\"\/\/www.google-analytics.com\/analytics.js\" async=\"\"><\/script>\u201eKrakowskie weduty\u201d<\/p>\n<div id=\"container\">\n<div id=\"center\">\n<div id=\"content\" class=\"white\">\n<div><\/div>\n<div class=\"wrap\">\n<p>29-3-2005 \/ 18-4-2005<\/p>\n<p>Budynek\u00a0A.<\/p>\n<p>wystawa pasteli<\/p>\n<p>Jerzy Romanik ur. w 1965 r. Studia na Wydziale Grafiki ASP w Krakowie. Dyplom w pracowni litografii prof. Romana \u017bygulskiego. Malarstwo studiowa\u0142 w pracowni Zbigniewa Maciejewskiego i W\u0142odzimierza Kunza. Bierze udzia\u0142 we wszystkich wa\u017cniejszych wystawach organizowanych przez ZPAP. Jest tw\u00f3rc\u0105 tradycyjnym, z upodobaniem maluje Krak\u00f3w zachowuj\u0105c jego tajemnice i klimat. Jest artyst\u0105 bardzo utalentowanym ale nienowoczesnym. Warto pozna\u0107 jego tw\u00f3rczo\u015b\u0107.<\/p>\n<p>Galeria zdj\u0119\u0107:<\/p>\n<\/div>\n<div class=\"wrap\"><\/div>\n<div class=\"wrap\"><a href=\"http:\/\/centrum.nck.krakow.pl\/wp-content\/uploads\/2017\/01\/1ddd.jpg\" target=\"_blank\"><img loading=\"lazy\" decoding=\"async\" class=\"alignnone size-medium wp-image-1010\" src=\"http:\/\/centrum.nck.krakow.pl\/wp-content\/uploads\/2017\/01\/1ddd-210x300.jpg\" alt=\"1ddd\" width=\"210\" height=\"300\" srcset=\"https:\/\/nck.krakow.pl\/galeriacentrum\/wp-content\/uploads\/2017\/01\/1ddd-210x300.jpg 210w, https:\/\/nck.krakow.pl\/galeriacentrum\/wp-content\/uploads\/2017\/01\/1ddd.jpg 211w\" sizes=\"(max-width: 210px) 100vw, 210px\" \/><\/a><\/div>\n<div class=\"wrap\"><\/div>\n<div class=\"wrap\"><a href=\"http:\/\/centrum.nck.krakow.pl\/wp-content\/uploads\/2017\/01\/1dddd.jpg\" target=\"_blank\"><img loading=\"lazy\" decoding=\"async\" class=\"alignnone size-medium wp-image-1011\" src=\"http:\/\/centrum.nck.krakow.pl\/wp-content\/uploads\/2017\/01\/1dddd-300x214.jpg\" alt=\"1dddd\" width=\"300\" height=\"214\" srcset=\"https:\/\/nck.krakow.pl\/galeriacentrum\/wp-content\/uploads\/2017\/01\/1dddd-300x214.jpg 300w, https:\/\/nck.krakow.pl\/galeriacentrum\/wp-content\/uploads\/2017\/01\/1dddd.jpg 302w\" sizes=\"(max-width: 300px) 100vw, 300px\" \/><\/a><\/div>\n<\/div>\n<\/div>\n<\/div>\n","protected":false},"excerpt":{"rendered":"<p>Jerzy Romanik \u201eKrakowskie weduty\u201d 29-3-2005 \/ 18-4-2005 Budynek\u00a0A. wystawa pasteli Jerzy Romanik ur. w 1965 r. Studia na Wydziale Grafiki ASP w Krakowie. Dyplom w pracowni litografii prof. Romana \u017bygulskiego. Malarstwo studiowa\u0142 w pracowni Zbigniewa Maciejewskiego i W\u0142odzimierza Kunza. Bierze udzia\u0142 we wszystkich wa\u017cniejszych wystawach organizowanych przez ZPAP. Jest tw\u00f3rc\u0105 tradycyjnym, z upodobaniem maluje Krak\u00f3w<a class=\"moretag\" href=\"https:\/\/nck.krakow.pl\/galeriacentrum\/jerzy-romanik\/\"><span class=\"screen-reader-text\">Wi\u0119cej oJerzy Romanik<\/span>[&#8230;]<\/a><\/p>\n","protected":false},"author":1,"featured_media":1987,"comment_status":"closed","ping_status":"open","sticky":false,"template":"","format":"standard","meta":{"footnotes":""},"categories":[36,5,2],"tags":[],"class_list":["post-1007","post","type-post","status-publish","format-standard","has-post-thumbnail","hentry","category-36","category-malarstwo","category-wystawy"],"yoast_head":"<!-- This site is optimized with the Yoast SEO plugin v19.12 - https:\/\/yoast.com\/wordpress\/plugins\/seo\/ -->\n<title>Jerzy Romanik - Galeria CENTRUM<\/title>\n<meta name=\"robots\" content=\"index, follow, max-snippet:-1, max-image-preview:large, max-video-preview:-1\" \/>\n<link rel=\"canonical\" href=\"https:\/\/nck.krakow.pl\/galeriacentrum\/jerzy-romanik\/\" \/>\n<meta property=\"og:locale\" content=\"pl_PL\" \/>\n<meta property=\"og:type\" content=\"article\" \/>\n<meta property=\"og:title\" content=\"Jerzy Romanik - Galeria CENTRUM\" \/>\n<meta property=\"og:description\" content=\"Jerzy Romanik \u201eKrakowskie weduty\u201d 29-3-2005 \/ 18-4-2005 Budynek\u00a0A. wystawa pasteli Jerzy Romanik ur. w 1965 r. Studia na Wydziale Grafiki ASP w Krakowie. Dyplom w pracowni litografii prof. Romana \u017bygulskiego. Malarstwo studiowa\u0142 w pracowni Zbigniewa Maciejewskiego i W\u0142odzimierza Kunza. Bierze udzia\u0142 we wszystkich wa\u017cniejszych wystawach organizowanych przez ZPAP. Jest tw\u00f3rc\u0105 tradycyjnym, z upodobaniem maluje Krak\u00f3wWi\u0119cej oJerzy Romanik[...]\" \/>\n<meta property=\"og:url\" content=\"https:\/\/nck.krakow.pl\/galeriacentrum\/jerzy-romanik\/\" \/>\n<meta property=\"og:site_name\" content=\"Galeria CENTRUM\" \/>\n<meta property=\"article:published_time\" content=\"2005-03-29T10:21:44+00:00\" \/>\n<meta property=\"article:modified_time\" content=\"2017-02-28T08:57:43+00:00\" \/>\n<meta property=\"og:image\" content=\"https:\/\/nck.krakow.pl\/galeriacentrum\/wp-content\/uploads\/2005\/03\/Projekt-bez-tytu\u0142u-23.jpg\" \/>\n\t<meta property=\"og:image:width\" content=\"1024\" \/>\n\t<meta property=\"og:image:height\" content=\"512\" \/>\n\t<meta property=\"og:image:type\" content=\"image\/jpeg\" \/>\n<meta name=\"author\" content=\"admin\" \/>\n<meta name=\"twitter:card\" content=\"summary_large_image\" \/>\n<meta name=\"twitter:label1\" content=\"Written by\" \/>\n\t<meta name=\"twitter:data1\" content=\"admin\" \/>\n<script type=\"application\/ld+json\" class=\"yoast-schema-graph\">{\"@context\":\"https:\/\/schema.org\",\"@graph\":[{\"@type\":\"WebPage\",\"@id\":\"https:\/\/nck.krakow.pl\/galeriacentrum\/jerzy-romanik\/\",\"url\":\"https:\/\/nck.krakow.pl\/galeriacentrum\/jerzy-romanik\/\",\"name\":\"Jerzy Romanik - Galeria CENTRUM\",\"isPartOf\":{\"@id\":\"https:\/\/nck.krakow.pl\/galeriacentrum\/#website\"},\"datePublished\":\"2005-03-29T10:21:44+00:00\",\"dateModified\":\"2017-02-28T08:57:43+00:00\",\"author\":{\"@id\":\"https:\/\/nck.krakow.pl\/galeriacentrum\/#\/schema\/person\/563c655e7f8cea2c4a5e30b62aad544b\"},\"breadcrumb\":{\"@id\":\"https:\/\/nck.krakow.pl\/galeriacentrum\/jerzy-romanik\/#breadcrumb\"},\"inLanguage\":\"pl-PL\",\"potentialAction\":[{\"@type\":\"ReadAction\",\"target\":[\"https:\/\/nck.krakow.pl\/galeriacentrum\/jerzy-romanik\/\"]}]},{\"@type\":\"BreadcrumbList\",\"@id\":\"https:\/\/nck.krakow.pl\/galeriacentrum\/jerzy-romanik\/#breadcrumb\",\"itemListElement\":[{\"@type\":\"ListItem\",\"position\":1,\"name\":\"Strona g\u0142\u00f3wna\",\"item\":\"https:\/\/nck.krakow.pl\/galeriacentrum\/\"},{\"@type\":\"ListItem\",\"position\":2,\"name\":\"Jerzy Romanik\"}]},{\"@type\":\"WebSite\",\"@id\":\"https:\/\/nck.krakow.pl\/galeriacentrum\/#website\",\"url\":\"https:\/\/nck.krakow.pl\/galeriacentrum\/\",\"name\":\"Galeria CENTRUM\",\"description\":\"Galeria Centrum\",\"potentialAction\":[{\"@type\":\"SearchAction\",\"target\":{\"@type\":\"EntryPoint\",\"urlTemplate\":\"https:\/\/nck.krakow.pl\/galeriacentrum\/?s={search_term_string}\"},\"query-input\":\"required name=search_term_string\"}],\"inLanguage\":\"pl-PL\"},{\"@type\":\"Person\",\"@id\":\"https:\/\/nck.krakow.pl\/galeriacentrum\/#\/schema\/person\/563c655e7f8cea2c4a5e30b62aad544b\",\"name\":\"admin\",\"image\":{\"@type\":\"ImageObject\",\"inLanguage\":\"pl-PL\",\"@id\":\"https:\/\/nck.krakow.pl\/galeriacentrum\/#\/schema\/person\/image\/\",\"url\":\"https:\/\/secure.gravatar.com\/avatar\/3753dfce494871fdf8ea4a271450f78c?s=96&d=mm&r=g\",\"contentUrl\":\"https:\/\/secure.gravatar.com\/avatar\/3753dfce494871fdf8ea4a271450f78c?s=96&d=mm&r=g\",\"caption\":\"admin\"},\"url\":\"https:\/\/nck.krakow.pl\/galeriacentrum\/author\/admin\/\"}]}<\/script>\n<!-- \/ Yoast SEO plugin. -->","yoast_head_json":{"title":"Jerzy Romanik - Galeria CENTRUM","robots":{"index":"index","follow":"follow","max-snippet":"max-snippet:-1","max-image-preview":"max-image-preview:large","max-video-preview":"max-video-preview:-1"},"canonical":"https:\/\/nck.krakow.pl\/galeriacentrum\/jerzy-romanik\/","og_locale":"pl_PL","og_type":"article","og_title":"Jerzy Romanik - Galeria CENTRUM","og_description":"Jerzy Romanik \u201eKrakowskie weduty\u201d 29-3-2005 \/ 18-4-2005 Budynek\u00a0A. wystawa pasteli Jerzy Romanik ur. w 1965 r. Studia na Wydziale Grafiki ASP w Krakowie. Dyplom w pracowni litografii prof. Romana \u017bygulskiego. Malarstwo studiowa\u0142 w pracowni Zbigniewa Maciejewskiego i W\u0142odzimierza Kunza. Bierze udzia\u0142 we wszystkich wa\u017cniejszych wystawach organizowanych przez ZPAP. Jest tw\u00f3rc\u0105 tradycyjnym, z upodobaniem maluje Krak\u00f3wWi\u0119cej oJerzy Romanik[...]","og_url":"https:\/\/nck.krakow.pl\/galeriacentrum\/jerzy-romanik\/","og_site_name":"Galeria CENTRUM","article_published_time":"2005-03-29T10:21:44+00:00","article_modified_time":"2017-02-28T08:57:43+00:00","og_image":[{"width":1024,"height":512,"url":"https:\/\/nck.krakow.pl\/galeriacentrum\/wp-content\/uploads\/2005\/03\/Projekt-bez-tytu\u0142u-23.jpg","type":"image\/jpeg"}],"author":"admin","twitter_card":"summary_large_image","twitter_misc":{"Written by":"admin"},"schema":{"@context":"https:\/\/schema.org","@graph":[{"@type":"WebPage","@id":"https:\/\/nck.krakow.pl\/galeriacentrum\/jerzy-romanik\/","url":"https:\/\/nck.krakow.pl\/galeriacentrum\/jerzy-romanik\/","name":"Jerzy Romanik - Galeria CENTRUM","isPartOf":{"@id":"https:\/\/nck.krakow.pl\/galeriacentrum\/#website"},"datePublished":"2005-03-29T10:21:44+00:00","dateModified":"2017-02-28T08:57:43+00:00","author":{"@id":"https:\/\/nck.krakow.pl\/galeriacentrum\/#\/schema\/person\/563c655e7f8cea2c4a5e30b62aad544b"},"breadcrumb":{"@id":"https:\/\/nck.krakow.pl\/galeriacentrum\/jerzy-romanik\/#breadcrumb"},"inLanguage":"pl-PL","potentialAction":[{"@type":"ReadAction","target":["https:\/\/nck.krakow.pl\/galeriacentrum\/jerzy-romanik\/"]}]},{"@type":"BreadcrumbList","@id":"https:\/\/nck.krakow.pl\/galeriacentrum\/jerzy-romanik\/#breadcrumb","itemListElement":[{"@type":"ListItem","position":1,"name":"Strona g\u0142\u00f3wna","item":"https:\/\/nck.krakow.pl\/galeriacentrum\/"},{"@type":"ListItem","position":2,"name":"Jerzy Romanik"}]},{"@type":"WebSite","@id":"https:\/\/nck.krakow.pl\/galeriacentrum\/#website","url":"https:\/\/nck.krakow.pl\/galeriacentrum\/","name":"Galeria CENTRUM","description":"Galeria Centrum","potentialAction":[{"@type":"SearchAction","target":{"@type":"EntryPoint","urlTemplate":"https:\/\/nck.krakow.pl\/galeriacentrum\/?s={search_term_string}"},"query-input":"required name=search_term_string"}],"inLanguage":"pl-PL"},{"@type":"Person","@id":"https:\/\/nck.krakow.pl\/galeriacentrum\/#\/schema\/person\/563c655e7f8cea2c4a5e30b62aad544b","name":"admin","image":{"@type":"ImageObject","inLanguage":"pl-PL","@id":"https:\/\/nck.krakow.pl\/galeriacentrum\/#\/schema\/person\/image\/","url":"https:\/\/secure.gravatar.com\/avatar\/3753dfce494871fdf8ea4a271450f78c?s=96&d=mm&r=g","contentUrl":"https:\/\/secure.gravatar.com\/avatar\/3753dfce494871fdf8ea4a271450f78c?s=96&d=mm&r=g","caption":"admin"},"url":"https:\/\/nck.krakow.pl\/galeriacentrum\/author\/admin\/"}]}},"_links":{"self":[{"href":"https:\/\/nck.krakow.pl\/galeriacentrum\/wp-json\/wp\/v2\/posts\/1007"}],"collection":[{"href":"https:\/\/nck.krakow.pl\/galeriacentrum\/wp-json\/wp\/v2\/posts"}],"about":[{"href":"https:\/\/nck.krakow.pl\/galeriacentrum\/wp-json\/wp\/v2\/types\/post"}],"author":[{"embeddable":true,"href":"https:\/\/nck.krakow.pl\/galeriacentrum\/wp-json\/wp\/v2\/users\/1"}],"replies":[{"embeddable":true,"href":"https:\/\/nck.krakow.pl\/galeriacentrum\/wp-json\/wp\/v2\/comments?post=1007"}],"version-history":[{"count":2,"href":"https:\/\/nck.krakow.pl\/galeriacentrum\/wp-json\/wp\/v2\/posts\/1007\/revisions"}],"predecessor-version":[{"id":1988,"href":"https:\/\/nck.krakow.pl\/galeriacentrum\/wp-json\/wp\/v2\/posts\/1007\/revisions\/1988"}],"wp:featuredmedia":[{"embeddable":true,"href":"https:\/\/nck.krakow.pl\/galeriacentrum\/wp-json\/wp\/v2\/media\/1987"}],"wp:attachment":[{"href":"https:\/\/nck.krakow.pl\/galeriacentrum\/wp-json\/wp\/v2\/media?parent=1007"}],"wp:term":[{"taxonomy":"category","embeddable":true,"href":"https:\/\/nck.krakow.pl\/galeriacentrum\/wp-json\/wp\/v2\/categories?post=1007"},{"taxonomy":"post_tag","embeddable":true,"href":"https:\/\/nck.krakow.pl\/galeriacentrum\/wp-json\/wp\/v2\/tags?post=1007"}],"curies":[{"name":"wp","href":"https:\/\/api.w.org\/{rel}","templated":true}]}}